{"id":11203,"date":"2019-11-07T10:00:16","date_gmt":"2019-11-07T09:00:16","guid":{"rendered":"https:\/\/www.wicam.com\/remmert-und-wicam-vereinbaren-strategische-kooperation\/"},"modified":"2020-09-22T10:04:22","modified_gmt":"2020-09-22T08:04:22","slug":"remmert-and-wicam-seal-a-strategic-cooperation","status":"publish","type":"post","link":"https:\/\/wicam.com\/en\/remmert-and-wicam-seal-a-strategic-cooperation\/","title":{"rendered":"Remmert and WiCAM seal a strategic cooperation"},"content":{"rendered":"<p>The storage logistics provider <a href=\"https:\/\/www.remmert.de\/en\/\" target=\"_blank\" rel=\"noopener noreferrer\">Remmert<\/a> and the software manufacturer WiCAM seal a strategic cooperation at the Blechexpo 2019 to strengthen the development of holistic solutions for agile material logistics and fully automated part sorting for sheet metal processing productions.<\/p>\n<p><a href=\"https:\/\/www.wicam.com\/wp-content\/uploads\/2019\/11\/homepage1.jpg\" data-fancybox><img loading=\"lazy\" decoding=\"async\" class=\"alignnone wp-image-11319\" src=\"https:\/\/www.wicam.com\/wp-content\/uploads\/2019\/11\/homepage1-300x189.jpg\" alt=\"Let's get started! Timo Eigenblut (middle), managing director WiCAM, Matthias Remmert (l.) and Stephan Remmert (r.) close the partnership cooperation with a handshake.\" width=\"396\" height=\"250\" srcset=\"https:\/\/wicam.com\/wp-content\/uploads\/2019\/11\/homepage1-300x189.jpg 300w, https:\/\/wicam.com\/wp-content\/uploads\/2019\/11\/homepage1-768x485.jpg 768w, https:\/\/wicam.com\/wp-content\/uploads\/2019\/11\/homepage1-1024x647.jpg 1024w, https:\/\/wicam.com\/wp-content\/uploads\/2019\/11\/homepage1.jpg 1750w\" sizes=\"auto, (max-width: 396px) 100vw, 396px\" \/><\/a> <a href=\"https:\/\/www.wicam.com\/wp-content\/uploads\/2019\/11\/homepage2.jpg\" data-fancybox><img loading=\"lazy\" decoding=\"async\" class=\"alignnone wp-image-11326\" src=\"https:\/\/www.wicam.com\/wp-content\/uploads\/2019\/11\/homepage2-300x229.jpg\" alt=\"\" width=\"327\" height=\"250\" srcset=\"https:\/\/wicam.com\/wp-content\/uploads\/2019\/11\/homepage2-300x229.jpg 300w, https:\/\/wicam.com\/wp-content\/uploads\/2019\/11\/homepage2-768x587.jpg 768w, https:\/\/wicam.com\/wp-content\/uploads\/2019\/11\/homepage2-1024x782.jpg 1024w, https:\/\/wicam.com\/wp-content\/uploads\/2019\/11\/homepage2.jpg 1750w\" sizes=\"auto, (max-width: 327px) 100vw, 327px\" \/><\/a><\/p>\n<p>Goal is the standardization and simplification of interfaces, as well as the standardization of the information flow from ERP \/ PPS via CAD \/ CAM \/ Nesting to raw material and finished parts logistics.<\/p>\n<div id=\"attachment_11180\" style=\"width: 235px\" class=\"wp-caption alignright\"><a href=\"https:\/\/www.wicam.com\/en\/mediathek\/cad-cam-nesting-software-solution-trailer-production\/\"><img loading=\"lazy\" decoding=\"async\" aria-describedby=\"caption-attachment-11180\" class=\"wp-image-11180\" src=\"https:\/\/www.wicam.com\/wp-content\/uploads\/2019\/11\/remmertwicamsolution-300x169.jpg\" alt=\"\u25ba Remmert \/ WiCAM Solution\" width=\"225\" height=\"127\" srcset=\"https:\/\/wicam.com\/wp-content\/uploads\/2019\/11\/remmertwicamsolution-300x169.jpg 300w, https:\/\/wicam.com\/wp-content\/uploads\/2019\/11\/remmertwicamsolution-768x432.jpg 768w, https:\/\/wicam.com\/wp-content\/uploads\/2019\/11\/remmertwicamsolution-1024x576.jpg 1024w, https:\/\/wicam.com\/wp-content\/uploads\/2019\/11\/remmertwicamsolution.jpg 1280w\" sizes=\"auto, (max-width: 225px) 100vw, 225px\" \/><\/a><p id=\"caption-attachment-11180\" class=\"wp-caption-text\">\u25ba Remmert \/ WiCAM Solution<\/p><\/div>\n<p>Already successfully implemented customer solutions for communication and control of z. B. Remmert LaserFLEX, Lasersort with <a href=\"https:\/\/www.wicam.com\/en\/cadcam-nesting-software\/pn4000\/\">WiCAMs PN4000<\/a> form the basis for joint projects in the year 2020. Users benefit from increased process reliability, achieve measurable increases in productivity and can grow their systems modularly with increasing requirements in regards to hardware and software.<\/p>\n<p>&nbsp;<\/p>\n<p><a href=\"https:\/\/www.remmert.de\/\" target=\"_blank\" rel=\"noopener noreferrer\"><img loading=\"lazy\" decoding=\"async\" class=\"alignleft wp-image-11195\" src=\"https:\/\/www.wicam.com\/wp-content\/uploads\/2019\/11\/remmert-logo-300x69.jpg\" alt=\"\" width=\"240\" height=\"55\" srcset=\"https:\/\/wicam.com\/wp-content\/uploads\/2019\/11\/remmert-logo-300x69.jpg 300w, https:\/\/wicam.com\/wp-content\/uploads\/2019\/11\/remmert-logo-768x177.jpg 768w, https:\/\/wicam.com\/wp-content\/uploads\/2019\/11\/remmert-logo.jpg 1000w\" sizes=\"auto, (max-width: 240px) 100vw, 240px\" \/><\/a>Remmert GmbH is a producer of warehouse and intralogistics solutions for long goods and sheet metal productions based in L\u00f6hne (East Westphalia \/ Germany). &gt;&gt; <a href=\"https:\/\/www.remmert.de\/\" target=\"_blank\" rel=\"noopener noreferrer\">remmert.de<\/a><\/p>\n","protected":false},"excerpt":{"rendered":"<p>The storage logistics provider Remmert and the software manufacturer WiCAM seal a strategic cooperation at the Blechexpo.<\/p>\n","protected":false},"author":2,"featured_media":11286,"comment_status":"open","ping_status":"open","sticky":false,"template":"","format":"standard","meta":{"_acf_changed":false,"footnotes":""},"categories":[30],"tags":[],"class_list":["post-11203","post","type-post","status-publish","format-standard","has-post-thumbnail","hentry","category-neuigkeiten-en"],"acf":[],"yoast_head":"<!-- This site is optimized with the Yoast SEO plugin v27.4 - https:\/\/yoast.com\/product\/yoast-seo-wordpress\/ -->\n<title>Remmert and WiCAM seal a strategic cooperation - WiCAM<\/title>\n<meta name=\"description\" content=\"Der Lagerlogistikanbieter Remmert und der Softwarehersteller WiCAM besiegeln auf der Blechexpo 2019 eine strategische Kooperation zur St\u00e4rkung der Entwicklung von ganzheitlichen L\u00f6sungen zur agilen Materiallogistik und vollautomatischen Einzelteilabsortierung f\u00fcr blechverarbeitende Produktionen.\" \/>\n<meta name=\"robots\" content=\"index, follow, max-snippet:-1, max-image-preview:large, max-video-preview:-1\" \/>\n<link rel=\"canonical\" href=\"https:\/\/wicam.com\/en\/remmert-and-wicam-seal-a-strategic-cooperation\/\" \/>\n<meta property=\"og:locale\" content=\"en_US\" \/>\n<meta property=\"og:type\" content=\"article\" \/>\n<meta property=\"og:title\" content=\"Remmert and WiCAM seal a strategic cooperation - WiCAM\" \/>\n<meta property=\"og:description\" content=\"Der Lagerlogistikanbieter Remmert und der Softwarehersteller WiCAM besiegeln auf der Blechexpo 2019 eine strategische Kooperation zur St\u00e4rkung der Entwicklung von ganzheitlichen L\u00f6sungen zur agilen Materiallogistik und vollautomatischen Einzelteilabsortierung f\u00fcr blechverarbeitende Produktionen.\" \/>\n<meta property=\"og:url\" content=\"https:\/\/wicam.com\/en\/remmert-and-wicam-seal-a-strategic-cooperation\/\" \/>\n<meta property=\"og:site_name\" content=\"WiCAM\" \/>\n<meta property=\"article:published_time\" content=\"2019-11-07T09:00:16+00:00\" \/>\n<meta property=\"article:modified_time\" content=\"2020-09-22T08:04:22+00:00\" \/>\n<meta property=\"og:image\" content=\"https:\/\/wicam.com\/wp-content\/uploads\/2019\/11\/remmert-newsbild.jpg\" \/>\n\t<meta property=\"og:image:width\" content=\"750\" \/>\n\t<meta property=\"og:image:height\" content=\"422\" \/>\n\t<meta property=\"og:image:type\" content=\"image\/jpeg\" \/>\n<meta name=\"author\" content=\"Maximilian Herz\" \/>\n<meta name=\"twitter:card\" content=\"summary_large_image\" \/>\n<meta name=\"twitter:label1\" content=\"Written by\" \/>\n\t<meta name=\"twitter:data1\" content=\"Maximilian Herz\" \/>\n\t<meta name=\"twitter:label2\" content=\"Est. reading time\" \/>\n\t<meta name=\"twitter:data2\" content=\"1 minute\" \/>\n<script type=\"application\/ld+json\" class=\"yoast-schema-graph\">{\"@context\":\"https:\\\/\\\/schema.org\",\"@graph\":[{\"@type\":\"Article\",\"@id\":\"https:\\\/\\\/wicam.com\\\/en\\\/remmert-and-wicam-seal-a-strategic-cooperation\\\/#article\",\"isPartOf\":{\"@id\":\"https:\\\/\\\/wicam.com\\\/en\\\/remmert-and-wicam-seal-a-strategic-cooperation\\\/\"},\"author\":{\"name\":\"Maximilian Herz\",\"@id\":\"https:\\\/\\\/wicam.com\\\/en\\\/#\\\/schema\\\/person\\\/def0b39941fc037072f302387660ea75\"},\"headline\":\"Remmert and WiCAM seal a strategic cooperation\",\"datePublished\":\"2019-11-07T09:00:16+00:00\",\"dateModified\":\"2020-09-22T08:04:22+00:00\",\"mainEntityOfPage\":{\"@id\":\"https:\\\/\\\/wicam.com\\\/en\\\/remmert-and-wicam-seal-a-strategic-cooperation\\\/\"},\"wordCount\":168,\"commentCount\":0,\"image\":{\"@id\":\"https:\\\/\\\/wicam.com\\\/en\\\/remmert-and-wicam-seal-a-strategic-cooperation\\\/#primaryimage\"},\"thumbnailUrl\":\"https:\\\/\\\/wicam.com\\\/wp-content\\\/uploads\\\/2019\\\/11\\\/remmert-newsbild.jpg\",\"articleSection\":[\"News\"],\"inLanguage\":\"en-US\",\"potentialAction\":[{\"@type\":\"CommentAction\",\"name\":\"Comment\",\"target\":[\"https:\\\/\\\/wicam.com\\\/en\\\/remmert-and-wicam-seal-a-strategic-cooperation\\\/#respond\"]}]},{\"@type\":\"WebPage\",\"@id\":\"https:\\\/\\\/wicam.com\\\/en\\\/remmert-and-wicam-seal-a-strategic-cooperation\\\/\",\"url\":\"https:\\\/\\\/wicam.com\\\/en\\\/remmert-and-wicam-seal-a-strategic-cooperation\\\/\",\"name\":\"Remmert and WiCAM seal a strategic cooperation - WiCAM\",\"isPartOf\":{\"@id\":\"https:\\\/\\\/wicam.com\\\/en\\\/#website\"},\"primaryImageOfPage\":{\"@id\":\"https:\\\/\\\/wicam.com\\\/en\\\/remmert-and-wicam-seal-a-strategic-cooperation\\\/#primaryimage\"},\"image\":{\"@id\":\"https:\\\/\\\/wicam.com\\\/en\\\/remmert-and-wicam-seal-a-strategic-cooperation\\\/#primaryimage\"},\"thumbnailUrl\":\"https:\\\/\\\/wicam.com\\\/wp-content\\\/uploads\\\/2019\\\/11\\\/remmert-newsbild.jpg\",\"datePublished\":\"2019-11-07T09:00:16+00:00\",\"dateModified\":\"2020-09-22T08:04:22+00:00\",\"author\":{\"@id\":\"https:\\\/\\\/wicam.com\\\/en\\\/#\\\/schema\\\/person\\\/def0b39941fc037072f302387660ea75\"},\"description\":\"Der Lagerlogistikanbieter Remmert und der Softwarehersteller WiCAM besiegeln auf der Blechexpo 2019 eine strategische Kooperation zur St\u00e4rkung der Entwicklung von ganzheitlichen L\u00f6sungen zur agilen Materiallogistik und vollautomatischen Einzelteilabsortierung f\u00fcr blechverarbeitende Produktionen.\",\"breadcrumb\":{\"@id\":\"https:\\\/\\\/wicam.com\\\/en\\\/remmert-and-wicam-seal-a-strategic-cooperation\\\/#breadcrumb\"},\"inLanguage\":\"en-US\",\"potentialAction\":[{\"@type\":\"ReadAction\",\"target\":[\"https:\\\/\\\/wicam.com\\\/en\\\/remmert-and-wicam-seal-a-strategic-cooperation\\\/\"]}]},{\"@type\":\"ImageObject\",\"inLanguage\":\"en-US\",\"@id\":\"https:\\\/\\\/wicam.com\\\/en\\\/remmert-and-wicam-seal-a-strategic-cooperation\\\/#primaryimage\",\"url\":\"https:\\\/\\\/wicam.com\\\/wp-content\\\/uploads\\\/2019\\\/11\\\/remmert-newsbild.jpg\",\"contentUrl\":\"https:\\\/\\\/wicam.com\\\/wp-content\\\/uploads\\\/2019\\\/11\\\/remmert-newsbild.jpg\",\"width\":750,\"height\":422},{\"@type\":\"BreadcrumbList\",\"@id\":\"https:\\\/\\\/wicam.com\\\/en\\\/remmert-and-wicam-seal-a-strategic-cooperation\\\/#breadcrumb\",\"itemListElement\":[{\"@type\":\"ListItem\",\"position\":1,\"name\":\"Startseite\",\"item\":\"https:\\\/\\\/wicam.com\\\/en\\\/\"},{\"@type\":\"ListItem\",\"position\":2,\"name\":\"Remmert and WiCAM seal a strategic cooperation\"}]},{\"@type\":\"WebSite\",\"@id\":\"https:\\\/\\\/wicam.com\\\/en\\\/#website\",\"url\":\"https:\\\/\\\/wicam.com\\\/en\\\/\",\"name\":\"WiCAM\",\"description\":\"Technische Software\",\"potentialAction\":[{\"@type\":\"SearchAction\",\"target\":{\"@type\":\"EntryPoint\",\"urlTemplate\":\"https:\\\/\\\/wicam.com\\\/en\\\/?s={search_term_string}\"},\"query-input\":{\"@type\":\"PropertyValueSpecification\",\"valueRequired\":true,\"valueName\":\"search_term_string\"}}],\"inLanguage\":\"en-US\"},{\"@type\":\"Person\",\"@id\":\"https:\\\/\\\/wicam.com\\\/en\\\/#\\\/schema\\\/person\\\/def0b39941fc037072f302387660ea75\",\"name\":\"Maximilian Herz\",\"image\":{\"@type\":\"ImageObject\",\"inLanguage\":\"en-US\",\"@id\":\"https:\\\/\\\/secure.gravatar.com\\\/avatar\\\/a1581484c11fa936d8c93aa1daf668451ffa3182aa072951df306fd82cb1b662?s=96&d=mm&r=g\",\"url\":\"https:\\\/\\\/secure.gravatar.com\\\/avatar\\\/a1581484c11fa936d8c93aa1daf668451ffa3182aa072951df306fd82cb1b662?s=96&d=mm&r=g\",\"contentUrl\":\"https:\\\/\\\/secure.gravatar.com\\\/avatar\\\/a1581484c11fa936d8c93aa1daf668451ffa3182aa072951df306fd82cb1b662?s=96&d=mm&r=g\",\"caption\":\"Maximilian Herz\"},\"url\":\"https:\\\/\\\/wicam.com\\\/en\\\/author\\\/maximilian-herz\\\/\"}]}<\/script>\n<!-- \/ Yoast SEO plugin. -->","yoast_head_json":{"title":"Remmert and WiCAM seal a strategic cooperation - WiCAM","description":"Der Lagerlogistikanbieter Remmert und der Softwarehersteller WiCAM besiegeln auf der Blechexpo 2019 eine strategische Kooperation zur St\u00e4rkung der Entwicklung von ganzheitlichen L\u00f6sungen zur agilen Materiallogistik und vollautomatischen Einzelteilabsortierung f\u00fcr blechverarbeitende Produktionen.","robots":{"index":"index","follow":"follow","max-snippet":"max-snippet:-1","max-image-preview":"max-image-preview:large","max-video-preview":"max-video-preview:-1"},"canonical":"https:\/\/wicam.com\/en\/remmert-and-wicam-seal-a-strategic-cooperation\/","og_locale":"en_US","og_type":"article","og_title":"Remmert and WiCAM seal a strategic cooperation - WiCAM","og_description":"Der Lagerlogistikanbieter Remmert und der Softwarehersteller WiCAM besiegeln auf der Blechexpo 2019 eine strategische Kooperation zur St\u00e4rkung der Entwicklung von ganzheitlichen L\u00f6sungen zur agilen Materiallogistik und vollautomatischen Einzelteilabsortierung f\u00fcr blechverarbeitende Produktionen.","og_url":"https:\/\/wicam.com\/en\/remmert-and-wicam-seal-a-strategic-cooperation\/","og_site_name":"WiCAM","article_published_time":"2019-11-07T09:00:16+00:00","article_modified_time":"2020-09-22T08:04:22+00:00","og_image":[{"width":750,"height":422,"url":"https:\/\/wicam.com\/wp-content\/uploads\/2019\/11\/remmert-newsbild.jpg","type":"image\/jpeg"}],"author":"Maximilian Herz","twitter_card":"summary_large_image","twitter_misc":{"Written by":"Maximilian Herz","Est. reading time":"1 minute"},"schema":{"@context":"https:\/\/schema.org","@graph":[{"@type":"Article","@id":"https:\/\/wicam.com\/en\/remmert-and-wicam-seal-a-strategic-cooperation\/#article","isPartOf":{"@id":"https:\/\/wicam.com\/en\/remmert-and-wicam-seal-a-strategic-cooperation\/"},"author":{"name":"Maximilian Herz","@id":"https:\/\/wicam.com\/en\/#\/schema\/person\/def0b39941fc037072f302387660ea75"},"headline":"Remmert and WiCAM seal a strategic cooperation","datePublished":"2019-11-07T09:00:16+00:00","dateModified":"2020-09-22T08:04:22+00:00","mainEntityOfPage":{"@id":"https:\/\/wicam.com\/en\/remmert-and-wicam-seal-a-strategic-cooperation\/"},"wordCount":168,"commentCount":0,"image":{"@id":"https:\/\/wicam.com\/en\/remmert-and-wicam-seal-a-strategic-cooperation\/#primaryimage"},"thumbnailUrl":"https:\/\/wicam.com\/wp-content\/uploads\/2019\/11\/remmert-newsbild.jpg","articleSection":["News"],"inLanguage":"en-US","potentialAction":[{"@type":"CommentAction","name":"Comment","target":["https:\/\/wicam.com\/en\/remmert-and-wicam-seal-a-strategic-cooperation\/#respond"]}]},{"@type":"WebPage","@id":"https:\/\/wicam.com\/en\/remmert-and-wicam-seal-a-strategic-cooperation\/","url":"https:\/\/wicam.com\/en\/remmert-and-wicam-seal-a-strategic-cooperation\/","name":"Remmert and WiCAM seal a strategic cooperation - WiCAM","isPartOf":{"@id":"https:\/\/wicam.com\/en\/#website"},"primaryImageOfPage":{"@id":"https:\/\/wicam.com\/en\/remmert-and-wicam-seal-a-strategic-cooperation\/#primaryimage"},"image":{"@id":"https:\/\/wicam.com\/en\/remmert-and-wicam-seal-a-strategic-cooperation\/#primaryimage"},"thumbnailUrl":"https:\/\/wicam.com\/wp-content\/uploads\/2019\/11\/remmert-newsbild.jpg","datePublished":"2019-11-07T09:00:16+00:00","dateModified":"2020-09-22T08:04:22+00:00","author":{"@id":"https:\/\/wicam.com\/en\/#\/schema\/person\/def0b39941fc037072f302387660ea75"},"description":"Der Lagerlogistikanbieter Remmert und der Softwarehersteller WiCAM besiegeln auf der Blechexpo 2019 eine strategische Kooperation zur St\u00e4rkung der Entwicklung von ganzheitlichen L\u00f6sungen zur agilen Materiallogistik und vollautomatischen Einzelteilabsortierung f\u00fcr blechverarbeitende Produktionen.","breadcrumb":{"@id":"https:\/\/wicam.com\/en\/remmert-and-wicam-seal-a-strategic-cooperation\/#breadcrumb"},"inLanguage":"en-US","potentialAction":[{"@type":"ReadAction","target":["https:\/\/wicam.com\/en\/remmert-and-wicam-seal-a-strategic-cooperation\/"]}]},{"@type":"ImageObject","inLanguage":"en-US","@id":"https:\/\/wicam.com\/en\/remmert-and-wicam-seal-a-strategic-cooperation\/#primaryimage","url":"https:\/\/wicam.com\/wp-content\/uploads\/2019\/11\/remmert-newsbild.jpg","contentUrl":"https:\/\/wicam.com\/wp-content\/uploads\/2019\/11\/remmert-newsbild.jpg","width":750,"height":422},{"@type":"BreadcrumbList","@id":"https:\/\/wicam.com\/en\/remmert-and-wicam-seal-a-strategic-cooperation\/#breadcrumb","itemListElement":[{"@type":"ListItem","position":1,"name":"Startseite","item":"https:\/\/wicam.com\/en\/"},{"@type":"ListItem","position":2,"name":"Remmert and WiCAM seal a strategic cooperation"}]},{"@type":"WebSite","@id":"https:\/\/wicam.com\/en\/#website","url":"https:\/\/wicam.com\/en\/","name":"WiCAM","description":"Technische Software","potentialAction":[{"@type":"SearchAction","target":{"@type":"EntryPoint","urlTemplate":"https:\/\/wicam.com\/en\/?s={search_term_string}"},"query-input":{"@type":"PropertyValueSpecification","valueRequired":true,"valueName":"search_term_string"}}],"inLanguage":"en-US"},{"@type":"Person","@id":"https:\/\/wicam.com\/en\/#\/schema\/person\/def0b39941fc037072f302387660ea75","name":"Maximilian Herz","image":{"@type":"ImageObject","inLanguage":"en-US","@id":"https:\/\/secure.gravatar.com\/avatar\/a1581484c11fa936d8c93aa1daf668451ffa3182aa072951df306fd82cb1b662?s=96&d=mm&r=g","url":"https:\/\/secure.gravatar.com\/avatar\/a1581484c11fa936d8c93aa1daf668451ffa3182aa072951df306fd82cb1b662?s=96&d=mm&r=g","contentUrl":"https:\/\/secure.gravatar.com\/avatar\/a1581484c11fa936d8c93aa1daf668451ffa3182aa072951df306fd82cb1b662?s=96&d=mm&r=g","caption":"Maximilian Herz"},"url":"https:\/\/wicam.com\/en\/author\/maximilian-herz\/"}]}},"_links":{"self":[{"href":"https:\/\/wicam.com\/en\/wp-json\/wp\/v2\/posts\/11203","targetHints":{"allow":["GET"]}}],"collection":[{"href":"https:\/\/wicam.com\/en\/wp-json\/wp\/v2\/posts"}],"about":[{"href":"https:\/\/wicam.com\/en\/wp-json\/wp\/v2\/types\/post"}],"author":[{"embeddable":true,"href":"https:\/\/wicam.com\/en\/wp-json\/wp\/v2\/users\/2"}],"replies":[{"embeddable":true,"href":"https:\/\/wicam.com\/en\/wp-json\/wp\/v2\/comments?post=11203"}],"version-history":[{"count":0,"href":"https:\/\/wicam.com\/en\/wp-json\/wp\/v2\/posts\/11203\/revisions"}],"wp:featuredmedia":[{"embeddable":true,"href":"https:\/\/wicam.com\/en\/wp-json\/wp\/v2\/media\/11286"}],"wp:attachment":[{"href":"https:\/\/wicam.com\/en\/wp-json\/wp\/v2\/media?parent=11203"}],"wp:term":[{"taxonomy":"category","embeddable":true,"href":"https:\/\/wicam.com\/en\/wp-json\/wp\/v2\/categories?post=11203"},{"taxonomy":"post_tag","embeddable":true,"href":"https:\/\/wicam.com\/en\/wp-json\/wp\/v2\/tags?post=11203"}],"curies":[{"name":"wp","href":"https:\/\/api.w.org\/{rel}","templated":true}]}}