{"id":12297,"date":"2019-12-16T06:00:25","date_gmt":"2019-12-16T05:00:25","guid":{"rendered":"https:\/\/www.wicam.com\/wicam-investiert-ins-biegen\/"},"modified":"2020-09-22T09:58:44","modified_gmt":"2020-09-22T07:58:44","slug":"wicam-investit-dans-le-pliage","status":"publish","type":"post","link":"https:\/\/wicam.com\/fr\/wicam-investit-dans-le-pliage\/","title":{"rendered":"WiCAM investit dans le pliage"},"content":{"rendered":"<p>En raison d&rsquo;une demande de plus en plus accrue dans le domaine des solutions de pliage ces derni\u00e8res ann\u00e9es, nous avons d\u00e9cid\u00e9 de renforcer l&rsquo;effectif dans ce secteur. Aujourd&rsquo;hui nous voulons vous pr\u00e9senter cette \u00e9quipe.<\/p>\n<p><a href=\"https:\/\/www.wicam.com\/wp-content\/uploads\/2019\/12\/Biegen-WiCAM.jpg\" data-fancybox><img loading=\"lazy\" decoding=\"async\" class=\"alignnone wp-image-12142\" src=\"https:\/\/www.wicam.com\/wp-content\/uploads\/2019\/12\/Biegen-WiCAM-1024x576.jpg\" alt=\"M. Thomas, M. Kremer et M. Rohm (au centre) sont responsables de l'installation chez le client, des formations et du support technique. M. Steigelmann (\u00e0 gauche), Directeur de projet, s'occupe des pr\u00e9sentations et de la coordination de l'\u00e9quipe. M. Eigenblut (\u00e0 droite), Directeur G\u00e9n\u00e9ral, est en charge de l'expension de l'\u00e9quipe pliage.\" width=\"750\" height=\"422\" srcset=\"https:\/\/wicam.com\/wp-content\/uploads\/2019\/12\/Biegen-WiCAM-1024x576.jpg 1024w, https:\/\/wicam.com\/wp-content\/uploads\/2019\/12\/Biegen-WiCAM-300x169.jpg 300w, https:\/\/wicam.com\/wp-content\/uploads\/2019\/12\/Biegen-WiCAM-768x432.jpg 768w, https:\/\/wicam.com\/wp-content\/uploads\/2019\/12\/Biegen-WiCAM-1536x865.jpg 1536w, https:\/\/wicam.com\/wp-content\/uploads\/2019\/12\/Biegen-WiCAM.jpg 1750w\" sizes=\"auto, (max-width: 750px) 100vw, 750px\" \/><\/a><\/p>\n<p>M. Thomas, M. Kremer et M. Rohm (au centre) sont responsables de l&rsquo;installation chez le client, des formations et du support technique. M. Steigelmann (\u00e0 gauche), Directeur de projet, s&rsquo;occupe des pr\u00e9sentations et de la coordination de l&rsquo;\u00e9quipe. M. Eigenblut (\u00e0 droite), Directeur G\u00e9n\u00e9ral, est en charge de l&rsquo;expension de l&rsquo;\u00e9quipe pliage.<\/p>\n<p>Notre \u00e9quipe pliage est \u00e0 votre disposition pour toutes questions techniques en relation avec PNBend. Notre soci\u00e9t\u00e9 souhaite encore augmenter l&rsquo;effectif en 2020.<\/p>\n<p><a href=\"https:\/\/www.wicam.com\/cadcam-nesting-software\/pnbend\/\"><img loading=\"lazy\" decoding=\"async\" class=\"alignright wp-image-11570 size-medium\" src=\"https:\/\/www.wicam.com\/wp-content\/uploads\/2019\/11\/software-bend1-300x211.jpg\" alt=\"\" width=\"300\" height=\"211\" srcset=\"https:\/\/wicam.com\/wp-content\/uploads\/2019\/11\/software-bend1-300x211.jpg 300w, https:\/\/wicam.com\/wp-content\/uploads\/2019\/11\/software-bend1.jpg 450w\" sizes=\"auto, (max-width: 300px) 100vw, 300px\" \/><\/a>La simulation de pliage de WiCAM (PNBend) sert a la programmation d\u00e9port\u00e9e de presses plieuses de diff\u00e9rents constructeurs. Les fonctions automatis\u00e9es cr\u00e9ent rapidement, \u00e0 partir des mod\u00e8les 3D, des programmes fiables pour votre machine.<\/p>\n<p>Il est instantan\u00e9ment possible de voir si la pi\u00e8ce est productible. Les donn\u00e9es de processus concernant les zones de pliages sont imm\u00e9diatement import\u00e9es. Toutes les informations de pliages ( Ouverture d&rsquo;angle, rayons, poin\u00e7ons, matrices et les techniques particuli\u00e8res de pliages sont visibles et modifiables).<\/p>\n","protected":false},"excerpt":{"rendered":"<p>En raison d&rsquo;une demande de plus en plus accrue dans le domaine des solutions de pliage ces derni\u00e8res ann\u00e9es, nous avons d\u00e9cid\u00e9 de renforcer l&rsquo;effectif dans ce secteur. <\/p>\n","protected":false},"author":2,"featured_media":12140,"comment_status":"open","ping_status":"open","sticky":false,"template":"","format":"standard","meta":{"_acf_changed":false,"footnotes":""},"categories":[31],"tags":[],"class_list":["post-12297","post","type-post","status-publish","format-standard","has-post-thumbnail","hentry","category-neuigkeiten-fr"],"acf":[],"yoast_head":"<!-- This site is optimized with the Yoast SEO plugin v27.4 - https:\/\/yoast.com\/product\/yoast-seo-wordpress\/ -->\n<title>WiCAM investit dans le pliage - WiCAM<\/title>\n<meta name=\"description\" content=\"En raison d&#039;une demande de plus en plus accrue dans le domaine des solutions de pliage ces derni\u00e8res ann\u00e9es, nous avons d\u00e9cid\u00e9 de renforcer l&#039;effectif dans ce secteur. Aujourd&#039;hui nous voulons vous pr\u00e9senter cette \u00e9quipe.\" \/>\n<meta name=\"robots\" content=\"index, follow, max-snippet:-1, max-image-preview:large, max-video-preview:-1\" \/>\n<link rel=\"canonical\" href=\"https:\/\/wicam.com\/fr\/wicam-investit-dans-le-pliage\/\" \/>\n<meta property=\"og:locale\" content=\"fr_FR\" \/>\n<meta property=\"og:type\" content=\"article\" \/>\n<meta property=\"og:title\" content=\"WiCAM investit dans le pliage - WiCAM\" \/>\n<meta property=\"og:description\" content=\"En raison d&#039;une demande de plus en plus accrue dans le domaine des solutions de pliage ces derni\u00e8res ann\u00e9es, nous avons d\u00e9cid\u00e9 de renforcer l&#039;effectif dans ce secteur. Aujourd&#039;hui nous voulons vous pr\u00e9senter cette \u00e9quipe.\" \/>\n<meta property=\"og:url\" content=\"https:\/\/wicam.com\/fr\/wicam-investit-dans-le-pliage\/\" \/>\n<meta property=\"og:site_name\" content=\"WiCAM\" \/>\n<meta property=\"article:published_time\" content=\"2019-12-16T05:00:25+00:00\" \/>\n<meta property=\"article:modified_time\" content=\"2020-09-22T07:58:44+00:00\" \/>\n<meta property=\"og:image\" content=\"https:\/\/wicam.com\/wp-content\/uploads\/2019\/12\/Biegen-750.jpg\" \/>\n\t<meta property=\"og:image:width\" content=\"750\" \/>\n\t<meta property=\"og:image:height\" content=\"422\" \/>\n\t<meta property=\"og:image:type\" content=\"image\/jpeg\" \/>\n<meta name=\"author\" content=\"Maximilian Herz\" \/>\n<meta name=\"twitter:card\" content=\"summary_large_image\" \/>\n<meta name=\"twitter:label1\" content=\"\u00c9crit par\" \/>\n\t<meta name=\"twitter:data1\" content=\"Maximilian Herz\" \/>\n\t<meta name=\"twitter:label2\" content=\"Dur\u00e9e de lecture estim\u00e9e\" \/>\n\t<meta name=\"twitter:data2\" content=\"1 minute\" \/>\n<script type=\"application\/ld+json\" class=\"yoast-schema-graph\">{\"@context\":\"https:\\\/\\\/schema.org\",\"@graph\":[{\"@type\":\"Article\",\"@id\":\"https:\\\/\\\/wicam.com\\\/fr\\\/wicam-investit-dans-le-pliage\\\/#article\",\"isPartOf\":{\"@id\":\"https:\\\/\\\/wicam.com\\\/fr\\\/wicam-investit-dans-le-pliage\\\/\"},\"author\":{\"name\":\"Maximilian Herz\",\"@id\":\"https:\\\/\\\/wicam.com\\\/fr\\\/#\\\/schema\\\/person\\\/def0b39941fc037072f302387660ea75\"},\"headline\":\"WiCAM investit dans le pliage\",\"datePublished\":\"2019-12-16T05:00:25+00:00\",\"dateModified\":\"2020-09-22T07:58:44+00:00\",\"mainEntityOfPage\":{\"@id\":\"https:\\\/\\\/wicam.com\\\/fr\\\/wicam-investit-dans-le-pliage\\\/\"},\"wordCount\":218,\"commentCount\":0,\"image\":{\"@id\":\"https:\\\/\\\/wicam.com\\\/fr\\\/wicam-investit-dans-le-pliage\\\/#primaryimage\"},\"thumbnailUrl\":\"https:\\\/\\\/wicam.com\\\/wp-content\\\/uploads\\\/2019\\\/12\\\/Biegen-750.jpg\",\"articleSection\":[\"Nouvelles\"],\"inLanguage\":\"fr-FR\",\"potentialAction\":[{\"@type\":\"CommentAction\",\"name\":\"Comment\",\"target\":[\"https:\\\/\\\/wicam.com\\\/fr\\\/wicam-investit-dans-le-pliage\\\/#respond\"]}]},{\"@type\":\"WebPage\",\"@id\":\"https:\\\/\\\/wicam.com\\\/fr\\\/wicam-investit-dans-le-pliage\\\/\",\"url\":\"https:\\\/\\\/wicam.com\\\/fr\\\/wicam-investit-dans-le-pliage\\\/\",\"name\":\"WiCAM investit dans le pliage - WiCAM\",\"isPartOf\":{\"@id\":\"https:\\\/\\\/wicam.com\\\/fr\\\/#website\"},\"primaryImageOfPage\":{\"@id\":\"https:\\\/\\\/wicam.com\\\/fr\\\/wicam-investit-dans-le-pliage\\\/#primaryimage\"},\"image\":{\"@id\":\"https:\\\/\\\/wicam.com\\\/fr\\\/wicam-investit-dans-le-pliage\\\/#primaryimage\"},\"thumbnailUrl\":\"https:\\\/\\\/wicam.com\\\/wp-content\\\/uploads\\\/2019\\\/12\\\/Biegen-750.jpg\",\"datePublished\":\"2019-12-16T05:00:25+00:00\",\"dateModified\":\"2020-09-22T07:58:44+00:00\",\"author\":{\"@id\":\"https:\\\/\\\/wicam.com\\\/fr\\\/#\\\/schema\\\/person\\\/def0b39941fc037072f302387660ea75\"},\"description\":\"En raison d'une demande de plus en plus accrue dans le domaine des solutions de pliage ces derni\u00e8res ann\u00e9es, nous avons d\u00e9cid\u00e9 de renforcer l'effectif dans ce secteur. Aujourd'hui nous voulons vous pr\u00e9senter cette \u00e9quipe.\",\"breadcrumb\":{\"@id\":\"https:\\\/\\\/wicam.com\\\/fr\\\/wicam-investit-dans-le-pliage\\\/#breadcrumb\"},\"inLanguage\":\"fr-FR\",\"potentialAction\":[{\"@type\":\"ReadAction\",\"target\":[\"https:\\\/\\\/wicam.com\\\/fr\\\/wicam-investit-dans-le-pliage\\\/\"]}]},{\"@type\":\"ImageObject\",\"inLanguage\":\"fr-FR\",\"@id\":\"https:\\\/\\\/wicam.com\\\/fr\\\/wicam-investit-dans-le-pliage\\\/#primaryimage\",\"url\":\"https:\\\/\\\/wicam.com\\\/wp-content\\\/uploads\\\/2019\\\/12\\\/Biegen-750.jpg\",\"contentUrl\":\"https:\\\/\\\/wicam.com\\\/wp-content\\\/uploads\\\/2019\\\/12\\\/Biegen-750.jpg\",\"width\":750,\"height\":422},{\"@type\":\"BreadcrumbList\",\"@id\":\"https:\\\/\\\/wicam.com\\\/fr\\\/wicam-investit-dans-le-pliage\\\/#breadcrumb\",\"itemListElement\":[{\"@type\":\"ListItem\",\"position\":1,\"name\":\"Startseite\",\"item\":\"https:\\\/\\\/wicam.com\\\/fr\\\/\"},{\"@type\":\"ListItem\",\"position\":2,\"name\":\"WiCAM investit dans le pliage\"}]},{\"@type\":\"WebSite\",\"@id\":\"https:\\\/\\\/wicam.com\\\/fr\\\/#website\",\"url\":\"https:\\\/\\\/wicam.com\\\/fr\\\/\",\"name\":\"WiCAM\",\"description\":\"Technische Software\",\"potentialAction\":[{\"@type\":\"SearchAction\",\"target\":{\"@type\":\"EntryPoint\",\"urlTemplate\":\"https:\\\/\\\/wicam.com\\\/fr\\\/?s={search_term_string}\"},\"query-input\":{\"@type\":\"PropertyValueSpecification\",\"valueRequired\":true,\"valueName\":\"search_term_string\"}}],\"inLanguage\":\"fr-FR\"},{\"@type\":\"Person\",\"@id\":\"https:\\\/\\\/wicam.com\\\/fr\\\/#\\\/schema\\\/person\\\/def0b39941fc037072f302387660ea75\",\"name\":\"Maximilian Herz\",\"image\":{\"@type\":\"ImageObject\",\"inLanguage\":\"fr-FR\",\"@id\":\"https:\\\/\\\/secure.gravatar.com\\\/avatar\\\/a1581484c11fa936d8c93aa1daf668451ffa3182aa072951df306fd82cb1b662?s=96&d=mm&r=g\",\"url\":\"https:\\\/\\\/secure.gravatar.com\\\/avatar\\\/a1581484c11fa936d8c93aa1daf668451ffa3182aa072951df306fd82cb1b662?s=96&d=mm&r=g\",\"contentUrl\":\"https:\\\/\\\/secure.gravatar.com\\\/avatar\\\/a1581484c11fa936d8c93aa1daf668451ffa3182aa072951df306fd82cb1b662?s=96&d=mm&r=g\",\"caption\":\"Maximilian Herz\"},\"url\":\"https:\\\/\\\/wicam.com\\\/fr\\\/author\\\/maximilian-herz\\\/\"}]}<\/script>\n<!-- \/ Yoast SEO plugin. -->","yoast_head_json":{"title":"WiCAM investit dans le pliage - WiCAM","description":"En raison d'une demande de plus en plus accrue dans le domaine des solutions de pliage ces derni\u00e8res ann\u00e9es, nous avons d\u00e9cid\u00e9 de renforcer l'effectif dans ce secteur. Aujourd'hui nous voulons vous pr\u00e9senter cette \u00e9quipe.","robots":{"index":"index","follow":"follow","max-snippet":"max-snippet:-1","max-image-preview":"max-image-preview:large","max-video-preview":"max-video-preview:-1"},"canonical":"https:\/\/wicam.com\/fr\/wicam-investit-dans-le-pliage\/","og_locale":"fr_FR","og_type":"article","og_title":"WiCAM investit dans le pliage - WiCAM","og_description":"En raison d'une demande de plus en plus accrue dans le domaine des solutions de pliage ces derni\u00e8res ann\u00e9es, nous avons d\u00e9cid\u00e9 de renforcer l'effectif dans ce secteur. Aujourd'hui nous voulons vous pr\u00e9senter cette \u00e9quipe.","og_url":"https:\/\/wicam.com\/fr\/wicam-investit-dans-le-pliage\/","og_site_name":"WiCAM","article_published_time":"2019-12-16T05:00:25+00:00","article_modified_time":"2020-09-22T07:58:44+00:00","og_image":[{"width":750,"height":422,"url":"https:\/\/wicam.com\/wp-content\/uploads\/2019\/12\/Biegen-750.jpg","type":"image\/jpeg"}],"author":"Maximilian Herz","twitter_card":"summary_large_image","twitter_misc":{"\u00c9crit par":"Maximilian Herz","Dur\u00e9e de lecture estim\u00e9e":"1 minute"},"schema":{"@context":"https:\/\/schema.org","@graph":[{"@type":"Article","@id":"https:\/\/wicam.com\/fr\/wicam-investit-dans-le-pliage\/#article","isPartOf":{"@id":"https:\/\/wicam.com\/fr\/wicam-investit-dans-le-pliage\/"},"author":{"name":"Maximilian Herz","@id":"https:\/\/wicam.com\/fr\/#\/schema\/person\/def0b39941fc037072f302387660ea75"},"headline":"WiCAM investit dans le pliage","datePublished":"2019-12-16T05:00:25+00:00","dateModified":"2020-09-22T07:58:44+00:00","mainEntityOfPage":{"@id":"https:\/\/wicam.com\/fr\/wicam-investit-dans-le-pliage\/"},"wordCount":218,"commentCount":0,"image":{"@id":"https:\/\/wicam.com\/fr\/wicam-investit-dans-le-pliage\/#primaryimage"},"thumbnailUrl":"https:\/\/wicam.com\/wp-content\/uploads\/2019\/12\/Biegen-750.jpg","articleSection":["Nouvelles"],"inLanguage":"fr-FR","potentialAction":[{"@type":"CommentAction","name":"Comment","target":["https:\/\/wicam.com\/fr\/wicam-investit-dans-le-pliage\/#respond"]}]},{"@type":"WebPage","@id":"https:\/\/wicam.com\/fr\/wicam-investit-dans-le-pliage\/","url":"https:\/\/wicam.com\/fr\/wicam-investit-dans-le-pliage\/","name":"WiCAM investit dans le pliage - WiCAM","isPartOf":{"@id":"https:\/\/wicam.com\/fr\/#website"},"primaryImageOfPage":{"@id":"https:\/\/wicam.com\/fr\/wicam-investit-dans-le-pliage\/#primaryimage"},"image":{"@id":"https:\/\/wicam.com\/fr\/wicam-investit-dans-le-pliage\/#primaryimage"},"thumbnailUrl":"https:\/\/wicam.com\/wp-content\/uploads\/2019\/12\/Biegen-750.jpg","datePublished":"2019-12-16T05:00:25+00:00","dateModified":"2020-09-22T07:58:44+00:00","author":{"@id":"https:\/\/wicam.com\/fr\/#\/schema\/person\/def0b39941fc037072f302387660ea75"},"description":"En raison d'une demande de plus en plus accrue dans le domaine des solutions de pliage ces derni\u00e8res ann\u00e9es, nous avons d\u00e9cid\u00e9 de renforcer l'effectif dans ce secteur. Aujourd'hui nous voulons vous pr\u00e9senter cette \u00e9quipe.","breadcrumb":{"@id":"https:\/\/wicam.com\/fr\/wicam-investit-dans-le-pliage\/#breadcrumb"},"inLanguage":"fr-FR","potentialAction":[{"@type":"ReadAction","target":["https:\/\/wicam.com\/fr\/wicam-investit-dans-le-pliage\/"]}]},{"@type":"ImageObject","inLanguage":"fr-FR","@id":"https:\/\/wicam.com\/fr\/wicam-investit-dans-le-pliage\/#primaryimage","url":"https:\/\/wicam.com\/wp-content\/uploads\/2019\/12\/Biegen-750.jpg","contentUrl":"https:\/\/wicam.com\/wp-content\/uploads\/2019\/12\/Biegen-750.jpg","width":750,"height":422},{"@type":"BreadcrumbList","@id":"https:\/\/wicam.com\/fr\/wicam-investit-dans-le-pliage\/#breadcrumb","itemListElement":[{"@type":"ListItem","position":1,"name":"Startseite","item":"https:\/\/wicam.com\/fr\/"},{"@type":"ListItem","position":2,"name":"WiCAM investit dans le pliage"}]},{"@type":"WebSite","@id":"https:\/\/wicam.com\/fr\/#website","url":"https:\/\/wicam.com\/fr\/","name":"WiCAM","description":"Technische Software","potentialAction":[{"@type":"SearchAction","target":{"@type":"EntryPoint","urlTemplate":"https:\/\/wicam.com\/fr\/?s={search_term_string}"},"query-input":{"@type":"PropertyValueSpecification","valueRequired":true,"valueName":"search_term_string"}}],"inLanguage":"fr-FR"},{"@type":"Person","@id":"https:\/\/wicam.com\/fr\/#\/schema\/person\/def0b39941fc037072f302387660ea75","name":"Maximilian Herz","image":{"@type":"ImageObject","inLanguage":"fr-FR","@id":"https:\/\/secure.gravatar.com\/avatar\/a1581484c11fa936d8c93aa1daf668451ffa3182aa072951df306fd82cb1b662?s=96&d=mm&r=g","url":"https:\/\/secure.gravatar.com\/avatar\/a1581484c11fa936d8c93aa1daf668451ffa3182aa072951df306fd82cb1b662?s=96&d=mm&r=g","contentUrl":"https:\/\/secure.gravatar.com\/avatar\/a1581484c11fa936d8c93aa1daf668451ffa3182aa072951df306fd82cb1b662?s=96&d=mm&r=g","caption":"Maximilian Herz"},"url":"https:\/\/wicam.com\/fr\/author\/maximilian-herz\/"}]}},"_links":{"self":[{"href":"https:\/\/wicam.com\/fr\/wp-json\/wp\/v2\/posts\/12297","targetHints":{"allow":["GET"]}}],"collection":[{"href":"https:\/\/wicam.com\/fr\/wp-json\/wp\/v2\/posts"}],"about":[{"href":"https:\/\/wicam.com\/fr\/wp-json\/wp\/v2\/types\/post"}],"author":[{"embeddable":true,"href":"https:\/\/wicam.com\/fr\/wp-json\/wp\/v2\/users\/2"}],"replies":[{"embeddable":true,"href":"https:\/\/wicam.com\/fr\/wp-json\/wp\/v2\/comments?post=12297"}],"version-history":[{"count":0,"href":"https:\/\/wicam.com\/fr\/wp-json\/wp\/v2\/posts\/12297\/revisions"}],"wp:featuredmedia":[{"embeddable":true,"href":"https:\/\/wicam.com\/fr\/wp-json\/wp\/v2\/media\/12140"}],"wp:attachment":[{"href":"https:\/\/wicam.com\/fr\/wp-json\/wp\/v2\/media?parent=12297"}],"wp:term":[{"taxonomy":"category","embeddable":true,"href":"https:\/\/wicam.com\/fr\/wp-json\/wp\/v2\/categories?post=12297"},{"taxonomy":"post_tag","embeddable":true,"href":"https:\/\/wicam.com\/fr\/wp-json\/wp\/v2\/tags?post=12297"}],"curies":[{"name":"wp","href":"https:\/\/api.w.org\/{rel}","templated":true}]}}