{"id":29611,"date":"2024-08-19T06:00:52","date_gmt":"2024-08-19T04:00:52","guid":{"rendered":"https:\/\/www.wicam.com\/wicam-at-the-euroblech-2024\/"},"modified":"2024-09-22T14:49:02","modified_gmt":"2024-09-22T12:49:02","slug":"wicam-a-leuroblech-2024","status":"publish","type":"post","link":"https:\/\/wicam.com\/fr\/wicam-a-leuroblech-2024\/","title":{"rendered":"WiCAM \u00e0 l&rsquo;EuroBLECH 2024"},"content":{"rendered":"<p><img loading=\"lazy\" decoding=\"async\" class=\"alignleft wp-image-9345\" src=\"https:\/\/www.wicam.com\/wp-content\/uploads\/2019\/08\/euroblech_hannover_logo_235.png\" alt=\"\" width=\"175\" height=\"175\" srcset=\"https:\/\/wicam.com\/wp-content\/uploads\/2019\/08\/euroblech_hannover_logo_235.png 200w, https:\/\/wicam.com\/wp-content\/uploads\/2019\/08\/euroblech_hannover_logo_235-150x150.png 150w\" sizes=\"auto, (max-width: 175px) 100vw, 175px\" \/><\/p>\n<p>Du 22 au 25 octobre 2024, WiCAM pr\u00e9sentera sa gamme actuelle de logiciels CFAO\/Imbrication\/Pliage\/Devis\/Cloud pour l\u2019industrie de la t\u00f4lerie sur le stand 11-E61 situ\u00e9 dans le hall 11. <\/p>\n<p>Les derni\u00e8res \u00e9tapes de d\u00e9veloppement de la <a href=\"https:\/\/www.wicam.com\/fr\/logiciel\/\">s\u00e9rie de produits PN<\/a> pour la programmation et le contr\u00f4le des processus enti\u00e8rement automatiques et int\u00e9gr\u00e9s \u00e0 l&rsquo;ERP de tous les types de machines CNC de poin\u00e7onnage, laser, eau, oxycoupage, tranchage, pliage et machines combin\u00e9es seront expos\u00e9es.<\/p>\n<p>Outre des centaines d&rsquo;am\u00e9liorations d\u00e9taill\u00e9es et de nouvelles interfaces PPS\/ERP, nous pr\u00e9sentons la derni\u00e8re <a href=\"https:\/\/www.wicam.com\/fr\/logiciel\/pn4000\/\">version PN4000<\/a> avec une int\u00e9gration 3D compl\u00e8te. Cela inclut une simulation de pliage enti\u00e8rement int\u00e9gr\u00e9e qui lit et traite les formats 3D tels que STEP directement \/ de mani\u00e8re enti\u00e8rement automatique.<\/p>\n<p>&nbsp;<\/p>\n<div class=\"anmeldeformular\">\n<h3>R\u00e9servez la date et le billet!<\/h3>\n\n<div class=\"wpcf7 no-js\" id=\"wpcf7-f29708-o1\" lang=\"de-DE\" dir=\"ltr\" data-wpcf7-id=\"29708\">\n<div class=\"screen-reader-response\"><p role=\"status\" aria-live=\"polite\" aria-atomic=\"true\"><\/p> <ul><\/ul><\/div>\n<form action=\"\/fr\/wp-json\/wp\/v2\/posts\/29611#wpcf7-f29708-o1\" method=\"post\" class=\"wpcf7-form init\" aria-label=\"Kontaktformular\" novalidate=\"novalidate\" data-status=\"init\">\n<fieldset class=\"hidden-fields-container\"><input type=\"hidden\" name=\"_wpcf7\" value=\"29708\" \/><input type=\"hidden\" name=\"_wpcf7_version\" value=\"6.1.5\" \/><input type=\"hidden\" name=\"_wpcf7_locale\" value=\"de_DE\" \/><input type=\"hidden\" name=\"_wpcf7_unit_tag\" value=\"wpcf7-f29708-o1\" \/><input type=\"hidden\" name=\"_wpcf7_container_post\" value=\"0\" \/><input type=\"hidden\" name=\"_wpcf7_posted_data_hash\" value=\"\" \/>\n<\/fieldset>\n<div class=\"row cform\">\n\t<div class=\"col-sm-6\">\n\t\t<p><label><span class=\"wpcf7-form-control-wrap\" data-name=\"Name\"><input size=\"40\" maxlength=\"400\" class=\"wpcf7-form-control wpcf7-text wpcf7-validates-as-required\" aria-required=\"true\" aria-invalid=\"false\" placeholder=\"Nom*\" value=\"\" type=\"text\" name=\"Name\" \/><\/span><\/label><br \/>\n<span id=\"wpcf7-69f51b1a44c2d-wrapper\" class=\"wpcf7-form-control-wrap first-name-wrap\" style=\"display:none !important; visibility:hidden !important;\"><label for=\"wpcf7-69f51b1a44c2d-field\" class=\"hp-message\">Bitte lasse dieses Feld leer.<\/label><input id=\"wpcf7-69f51b1a44c2d-field\"  class=\"wpcf7-form-control wpcf7-text\" type=\"text\" name=\"first-name\" value=\"\" size=\"40\" tabindex=\"-1\" autocomplete=\"new-password\" \/><\/span>\n\t\t<\/p>\n\t<\/div>\n\t<div class=\"col-sm-6\">\n\t\t<p><label><span class=\"wpcf7-form-control-wrap\" data-name=\"Unternehmen\"><input size=\"40\" maxlength=\"400\" class=\"wpcf7-form-control wpcf7-text\" aria-invalid=\"false\" placeholder=\"Nom de l&#039;entreprise\" value=\"\" type=\"text\" name=\"Unternehmen\" \/><\/span><\/label>\n\t\t<\/p>\n\t<\/div>\n\t<div class=\"col-sm-6\">\n\t\t<p><label><span class=\"wpcf7-form-control-wrap\" data-name=\"telefon\"><input size=\"40\" maxlength=\"400\" class=\"wpcf7-form-control wpcf7-text\" aria-invalid=\"false\" placeholder=\"Num\u00e9ro de t\u00e9l\u00e9phone\" value=\"\" type=\"text\" name=\"telefon\" \/><\/span><\/label>\n\t\t<\/p>\n\t<\/div>\n\t<div class=\"col-sm-6\">\n\t\t<p><label><span class=\"wpcf7-form-control-wrap\" data-name=\"email\"><input size=\"40\" maxlength=\"400\" class=\"wpcf7-form-control wpcf7-email wpcf7-validates-as-required wpcf7-text wpcf7-validates-as-email\" aria-required=\"true\" aria-invalid=\"false\" placeholder=\"Courriel*\" value=\"\" type=\"email\" name=\"email\" \/><\/span><\/label>\n\t\t<\/p>\n\t<\/div>\n<\/div>\n<div class=\"row cform\">\n\t<div class=\"col-12\">\n\t\t<p><label><span class=\"wpcf7-form-control-wrap\" data-name=\"interesse\"><input size=\"40\" maxlength=\"400\" class=\"wpcf7-form-control wpcf7-text\" aria-invalid=\"false\" placeholder=\"Nous sommes int\u00e9ress\u00e9s par : par exemple PN4000, calcul etc.\" value=\"\" type=\"text\" name=\"interesse\" \/><\/span><\/label>\n\t\t<\/p>\n\t<\/div>\n<\/div>\n<p><span class=\"wpcf7-form-control-wrap\" data-name=\"datenschutz\"><span class=\"wpcf7-form-control wpcf7-acceptance\"><span class=\"wpcf7-list-item\"><label><input type=\"checkbox\" name=\"datenschutz\" value=\"1\" aria-invalid=\"false\" \/><span class=\"wpcf7-list-item-label\"><span class=\"acceptance\">Oui, j'ai lu la <a href=\"\/fr\/politique-de-confidentialite\/\">politique de confidentialit\u00e9<\/a> et j'accepte que les donn\u00e9es que j'ai fournies soient collect\u00e9es et stock\u00e9es \u00e9lectroniquement. Toutes les donn\u00e9es ne seront utilis\u00e9es que dans le but de traiter et de r\u00e9pondre \u00e0 ma demande.<\/span><\/span><\/label><\/span><\/span><\/span>\n<\/p>\n<h6 class=\"right\">* Champ obligatoire\n<\/h6>\n<p><input class=\"wpcf7-form-control wpcf7-submit has-spinner\" type=\"submit\" value=\"s&#039;inscrire maintenant\" \/>\n<\/p>\n\n<div class=\"wpcf7-response-output\" aria-hidden=\"true\"><\/div>\n<\/form>\n<\/div>\n\n<\/div>\n<p>&nbsp;<\/p>\n<h2>Les points forts de notre stand<\/h2>\n<p><img loading=\"lazy\" decoding=\"async\" class=\"alignright wp-image-22848\" src=\"https:\/\/www.wicam.com\/wp-content\/uploads\/2022\/03\/pnbend-300x278.png\" alt=\"\" width=\"350\" height=\"324\" srcset=\"https:\/\/wicam.com\/wp-content\/uploads\/2022\/03\/pnbend-300x278.png 300w, https:\/\/wicam.com\/wp-content\/uploads\/2022\/03\/pnbend-768x712.png 768w, https:\/\/wicam.com\/wp-content\/uploads\/2022\/03\/pnbend.png 1000w\" sizes=\"auto, (max-width: 350px) 100vw, 350px\" \/><strong>PNBend | Les presses plieuses Amada sont d\u00e9sormais possibles<\/strong><\/p>\n<p>L&rsquo;impl\u00e9mentation de l&rsquo;ensemble du traitement 3D directement dans le PN4000 a temporairement r\u00e9duit la vitesse de notre logiciel dans le pass\u00e9 Au cours des derniers trimestres, nous avons pu minimiser cette perte de performance petit \u00e0 petit et nous disposons maintenant d&rsquo;une version rapide qui couvre l&rsquo;ensemble du traitement 2D et 3D.<\/p>\n<p>D\u00e9sormais, outre de nombreux fabricants renomm\u00e9s tels que Trumpf, Bystronic et LVD, toutes les presses plieuses Amada actuelles dot\u00e9es de la commande &lsquo;AMNC 3i&rsquo; peuvent \u00e9galement \u00eatre programm\u00e9es \u00e0 l&rsquo;aide du module logiciel <a href=\"https:\/\/www.wicam.com\/fr\/logiciel\/pnbend\/\">PNBend<\/a> dans le <a href=\"https:\/\/www.wicam.com\/fr\/logiciel\/pn4000\/\">PN4000<\/a> Il s&rsquo;agit de toutes les presses plieuses des s\u00e9ries EG-4010, HFE3i &amp; HG<\/p>\n<p>&nbsp;<\/p>\n<p><strong>Routine d&rsquo;imbrication de puissance | R\u00e9duction des programmes NC et am\u00e9lioration des performances \u00e0 partir de la version 32.25<\/strong><\/p>\n<p>Nous avons commenc\u00e9 \u00e0 commercialiser notre routine d&rsquo;imbrication de puissance au d\u00e9but de l&rsquo;ann\u00e9e 2023. Avec chaque nouvelle version de PN, nous avons travaill\u00e9 sur la performance du logiciel lui-m\u00eame en plus de nombreuses am\u00e9liorations d\u00e9taill\u00e9es afin de g\u00e9n\u00e9rer le r\u00e9sultat de l&rsquo;imbrication encore plus rapidement.<\/p>\n<p><a href=\"https:\/\/www.wicam.com\/fr\/contact\/\"><img loading=\"lazy\" decoding=\"async\" class=\"alignnone wp-image-29614 size-full\" src=\"https:\/\/www.wicam.com\/wp-content\/uploads\/2024\/08\/news-euroblech-fr.jpg\" alt=\"\" width=\"1000\" height=\"563\" srcset=\"https:\/\/wicam.com\/wp-content\/uploads\/2024\/08\/news-euroblech-fr.jpg 1000w, https:\/\/wicam.com\/wp-content\/uploads\/2024\/08\/news-euroblech-fr-300x169.jpg 300w, https:\/\/wicam.com\/wp-content\/uploads\/2024\/08\/news-euroblech-fr-768x432.jpg 768w\" sizes=\"auto, (max-width: 1000px) 100vw, 1000px\" \/><\/a><\/p>\n<p>En particulier, de nombreux clients se sont concentr\u00e9s sur le th\u00e8me de la \u00ab r\u00e9duction des programmes CN \u00bb. Pour minimiser les temps de nettoyage sur la machine, les programmes CN r\u00e9p\u00e9titifs sont extr\u00eamement utiles. \u00c0 partir de la <a href=\"https:\/\/www.wicam.com\/fr\/pn4000-mise-a-jour-de-limbrication-power-nesting-disponible-a-partir-de-la-version-32-52\/\">version 32.52,<\/a> vous pouvez d\u00e9cider dans un menu suppl\u00e9mentaire dans quelle mesure il est pertinent de g\u00e9n\u00e9rer des programmes CN identiques tout en maximisant l&rsquo;utilisation du mat\u00e9riel.<\/p>\n<p>&nbsp;<\/p>\n<p><img loading=\"lazy\" decoding=\"async\" class=\"alignright wp-image-19969\" src=\"https:\/\/www.wicam.com\/wp-content\/uploads\/2021\/04\/api-start-300x257.jpg\" alt=\"\" width=\"400\" height=\"342\" srcset=\"https:\/\/wicam.com\/wp-content\/uploads\/2021\/04\/api-start-300x257.jpg 300w, https:\/\/wicam.com\/wp-content\/uploads\/2021\/04\/api-start-768x657.jpg 768w, https:\/\/wicam.com\/wp-content\/uploads\/2021\/04\/api-start.jpg 1000w\" sizes=\"auto, (max-width: 400px) 100vw, 400px\" \/><strong>Interface API | Notre solution cloud<\/strong><\/p>\n<p>Nous avons divis\u00e9 nos solutions de calcul bas\u00e9es sur le cloud en trois domaines de produits : le <a href=\"https:\/\/www.wicam.com\/fr\/logiciel\/pncalculate\/calculer-localement\/\">calcul interne<\/a>, la <a href=\"https:\/\/www.wicam.com\/fr\/logiciel\/pncalculate\/solution-de-boutique-en-ligne\/\">solution de boutique en ligne<\/a> et l&rsquo;outil universel &#8211; notre <a href=\"https:\/\/www.wicam.com\/fr\/logiciel\/pncalculate\/interface-api\/\">interface API<\/a><\/p>\n<p>Des acteurs majeurs de l&rsquo;industrie tels que <a href=\"https:\/\/www.wicam.com\/fr\/mediathek\/laserhub-sappuie-sur-la-solution-cloud-de-wicam\/\">Laserhub<\/a>, <a href=\"https:\/\/www.wicam.com\/fr\/mediathek\/cadcam-nesting-suplacon-programme-avec-wicam\/\">Suplacon<\/a> et bien d&rsquo;autres font confiance \u00e0 notre <a href=\"https:\/\/www.wicam.com\/fr\/logiciel\/pncalculate\/interface-api\/\">interface API<\/a> depuis des ann\u00e9es<\/p>\n<p>Les pi\u00e8ces sont transf\u00e9r\u00e9es vers nos serveurs via des interfaces et nous d\u00e9terminons toutes les \u00e9tapes de production en quelques secondes &#8211; la meilleure fa\u00e7on de r\u00e9aliser des prix de vente, des calculs de co\u00fbts marginaux et des \u00e9tudes de faisabilit\u00e9.<\/p>\n<p>&nbsp;<\/p>\n<p><img loading=\"lazy\" decoding=\"async\" class=\"wp-image-27336 alignright\" src=\"https:\/\/www.wicam.com\/wp-content\/uploads\/2023\/09\/ld-wicam-france-sas-225x300.jpg\" alt=\"\" width=\"300\" height=\"400\" srcset=\"https:\/\/wicam.com\/wp-content\/uploads\/2023\/09\/ld-wicam-france-sas-225x300.jpg 225w, https:\/\/wicam.com\/wp-content\/uploads\/2023\/09\/ld-wicam-france-sas-769x1024.jpg 769w, https:\/\/wicam.com\/wp-content\/uploads\/2023\/09\/ld-wicam-france-sas-768x1023.jpg 768w, https:\/\/wicam.com\/wp-content\/uploads\/2023\/09\/ld-wicam-france-sas.jpg 1000w\" sizes=\"auto, (max-width: 300px) 100vw, 300px\" \/><\/p>\n<h2>Prenez rendez-vous d\u00e8s maintenant !<\/h2>\n<p>L&rsquo;EuroBLECH a lieu \u00e0 30521 Hanovre. Veuillez envoyer votre demande de rendez-vous pour un entretien personnel lors du salon \u00e0 M. Laurent Delemme via notre <a href=\"https:\/\/www.wicam.com\/fr\/contact\/\">formulaire de contact<\/a><\/p>\n<p><strong>Date<\/strong><br \/>\n22.10. &#8211; 25.10.2024 | tous les jours de 09:00 &#8211; 18:00<\/p>\n<p><strong>Notre position<\/strong><br \/>\nHall 11 | Stand 11-E61<\/p>\n<p><strong>Approche<\/strong><br \/>\nMessegel\u00e4nde Hannover, 30521 Hannover, Deutschland<\/p>\n<p><a class=\"btn\" href=\"https:\/\/www.wicam.com\/fr\/contact\/\">Prendre rendez-vous<\/a><\/p>\n","protected":false},"excerpt":{"rendered":"<p>Du 22 au 25 octobre 2024, WiCAM pr\u00e9sentera sa gamme actuelle de logiciels CFAO\/Imbrication\/Pliage\/Devis\/Cloud pour l\u2019industrie de la t\u00f4lerie sur le stand 11-E61 situ\u00e9 dans le hall 11. <\/p>\n","protected":false},"author":2,"featured_media":29614,"comment_status":"open","ping_status":"open","sticky":false,"template":"","format":"standard","meta":{"_acf_changed":false,"footnotes":""},"categories":[31],"tags":[],"class_list":["post-29611","post","type-post","status-publish","format-standard","has-post-thumbnail","hentry","category-neuigkeiten-fr"],"acf":[],"yoast_head":"<!-- This site is optimized with the Yoast SEO plugin v27.4 - https:\/\/yoast.com\/product\/yoast-seo-wordpress\/ -->\n<title>WiCAM \u00e0 l&#039;EuroBLECH 2024 - WiCAM<\/title>\n<meta name=\"description\" content=\"Du 22 au 25 octobre 2024, WiCAM pr\u00e9sentera sa gamme actuelle de logiciels CFAO\/Imbrication\/Pliage\/Devis\/Cloud pour l\u2019industrie de la t\u00f4lerie sur le stand 11-E61 situ\u00e9 dans le hall 11.\" \/>\n<meta name=\"robots\" content=\"index, follow, max-snippet:-1, max-image-preview:large, max-video-preview:-1\" \/>\n<link rel=\"canonical\" href=\"https:\/\/wicam.com\/fr\/wicam-a-leuroblech-2024\/\" \/>\n<meta property=\"og:locale\" content=\"fr_FR\" \/>\n<meta property=\"og:type\" content=\"article\" \/>\n<meta property=\"og:title\" content=\"WiCAM \u00e0 l&#039;EuroBLECH 2024 - WiCAM\" \/>\n<meta property=\"og:description\" content=\"Du 22 au 25 octobre 2024, WiCAM pr\u00e9sentera sa gamme actuelle de logiciels CFAO\/Imbrication\/Pliage\/Devis\/Cloud pour l\u2019industrie de la t\u00f4lerie sur le stand 11-E61 situ\u00e9 dans le hall 11.\" \/>\n<meta property=\"og:url\" content=\"https:\/\/wicam.com\/fr\/wicam-a-leuroblech-2024\/\" \/>\n<meta property=\"og:site_name\" content=\"WiCAM\" \/>\n<meta property=\"article:published_time\" content=\"2024-08-19T04:00:52+00:00\" \/>\n<meta property=\"article:modified_time\" content=\"2024-09-22T12:49:02+00:00\" \/>\n<meta property=\"og:image\" content=\"https:\/\/wicam.com\/wp-content\/uploads\/2024\/08\/news-euroblech-fr.jpg\" \/>\n\t<meta property=\"og:image:width\" content=\"1000\" \/>\n\t<meta property=\"og:image:height\" content=\"563\" \/>\n\t<meta property=\"og:image:type\" content=\"image\/jpeg\" \/>\n<meta name=\"author\" content=\"Maximilian Herz\" \/>\n<meta name=\"twitter:card\" content=\"summary_large_image\" \/>\n<meta name=\"twitter:label1\" content=\"\u00c9crit par\" \/>\n\t<meta name=\"twitter:data1\" content=\"Maximilian Herz\" \/>\n\t<meta name=\"twitter:label2\" content=\"Dur\u00e9e de lecture estim\u00e9e\" \/>\n\t<meta name=\"twitter:data2\" content=\"5 minutes\" \/>\n<script type=\"application\/ld+json\" class=\"yoast-schema-graph\">{\"@context\":\"https:\\\/\\\/schema.org\",\"@graph\":[{\"@type\":\"Article\",\"@id\":\"https:\\\/\\\/wicam.com\\\/fr\\\/wicam-a-leuroblech-2024\\\/#article\",\"isPartOf\":{\"@id\":\"https:\\\/\\\/wicam.com\\\/fr\\\/wicam-a-leuroblech-2024\\\/\"},\"author\":{\"name\":\"Maximilian Herz\",\"@id\":\"https:\\\/\\\/wicam.com\\\/fr\\\/#\\\/schema\\\/person\\\/def0b39941fc037072f302387660ea75\"},\"headline\":\"WiCAM \u00e0 l&rsquo;EuroBLECH 2024\",\"datePublished\":\"2024-08-19T04:00:52+00:00\",\"dateModified\":\"2024-09-22T12:49:02+00:00\",\"mainEntityOfPage\":{\"@id\":\"https:\\\/\\\/wicam.com\\\/fr\\\/wicam-a-leuroblech-2024\\\/\"},\"wordCount\":605,\"commentCount\":0,\"image\":{\"@id\":\"https:\\\/\\\/wicam.com\\\/fr\\\/wicam-a-leuroblech-2024\\\/#primaryimage\"},\"thumbnailUrl\":\"https:\\\/\\\/wicam.com\\\/wp-content\\\/uploads\\\/2024\\\/08\\\/news-euroblech-fr.jpg\",\"articleSection\":[\"Nouvelles\"],\"inLanguage\":\"fr-FR\",\"potentialAction\":[{\"@type\":\"CommentAction\",\"name\":\"Comment\",\"target\":[\"https:\\\/\\\/wicam.com\\\/fr\\\/wicam-a-leuroblech-2024\\\/#respond\"]}]},{\"@type\":\"WebPage\",\"@id\":\"https:\\\/\\\/wicam.com\\\/fr\\\/wicam-a-leuroblech-2024\\\/\",\"url\":\"https:\\\/\\\/wicam.com\\\/fr\\\/wicam-a-leuroblech-2024\\\/\",\"name\":\"WiCAM \u00e0 l'EuroBLECH 2024 - WiCAM\",\"isPartOf\":{\"@id\":\"https:\\\/\\\/wicam.com\\\/fr\\\/#website\"},\"primaryImageOfPage\":{\"@id\":\"https:\\\/\\\/wicam.com\\\/fr\\\/wicam-a-leuroblech-2024\\\/#primaryimage\"},\"image\":{\"@id\":\"https:\\\/\\\/wicam.com\\\/fr\\\/wicam-a-leuroblech-2024\\\/#primaryimage\"},\"thumbnailUrl\":\"https:\\\/\\\/wicam.com\\\/wp-content\\\/uploads\\\/2024\\\/08\\\/news-euroblech-fr.jpg\",\"datePublished\":\"2024-08-19T04:00:52+00:00\",\"dateModified\":\"2024-09-22T12:49:02+00:00\",\"author\":{\"@id\":\"https:\\\/\\\/wicam.com\\\/fr\\\/#\\\/schema\\\/person\\\/def0b39941fc037072f302387660ea75\"},\"description\":\"Du 22 au 25 octobre 2024, WiCAM pr\u00e9sentera sa gamme actuelle de logiciels CFAO\\\/Imbrication\\\/Pliage\\\/Devis\\\/Cloud pour l\u2019industrie de la t\u00f4lerie sur le stand 11-E61 situ\u00e9 dans le hall 11.\",\"breadcrumb\":{\"@id\":\"https:\\\/\\\/wicam.com\\\/fr\\\/wicam-a-leuroblech-2024\\\/#breadcrumb\"},\"inLanguage\":\"fr-FR\",\"potentialAction\":[{\"@type\":\"ReadAction\",\"target\":[\"https:\\\/\\\/wicam.com\\\/fr\\\/wicam-a-leuroblech-2024\\\/\"]}]},{\"@type\":\"ImageObject\",\"inLanguage\":\"fr-FR\",\"@id\":\"https:\\\/\\\/wicam.com\\\/fr\\\/wicam-a-leuroblech-2024\\\/#primaryimage\",\"url\":\"https:\\\/\\\/wicam.com\\\/wp-content\\\/uploads\\\/2024\\\/08\\\/news-euroblech-fr.jpg\",\"contentUrl\":\"https:\\\/\\\/wicam.com\\\/wp-content\\\/uploads\\\/2024\\\/08\\\/news-euroblech-fr.jpg\",\"width\":1000,\"height\":563},{\"@type\":\"BreadcrumbList\",\"@id\":\"https:\\\/\\\/wicam.com\\\/fr\\\/wicam-a-leuroblech-2024\\\/#breadcrumb\",\"itemListElement\":[{\"@type\":\"ListItem\",\"position\":1,\"name\":\"Startseite\",\"item\":\"https:\\\/\\\/wicam.com\\\/fr\\\/\"},{\"@type\":\"ListItem\",\"position\":2,\"name\":\"WiCAM \u00e0 l&#8217;EuroBLECH 2024\"}]},{\"@type\":\"WebSite\",\"@id\":\"https:\\\/\\\/wicam.com\\\/fr\\\/#website\",\"url\":\"https:\\\/\\\/wicam.com\\\/fr\\\/\",\"name\":\"WiCAM\",\"description\":\"Technische Software\",\"potentialAction\":[{\"@type\":\"SearchAction\",\"target\":{\"@type\":\"EntryPoint\",\"urlTemplate\":\"https:\\\/\\\/wicam.com\\\/fr\\\/?s={search_term_string}\"},\"query-input\":{\"@type\":\"PropertyValueSpecification\",\"valueRequired\":true,\"valueName\":\"search_term_string\"}}],\"inLanguage\":\"fr-FR\"},{\"@type\":\"Person\",\"@id\":\"https:\\\/\\\/wicam.com\\\/fr\\\/#\\\/schema\\\/person\\\/def0b39941fc037072f302387660ea75\",\"name\":\"Maximilian Herz\",\"image\":{\"@type\":\"ImageObject\",\"inLanguage\":\"fr-FR\",\"@id\":\"https:\\\/\\\/secure.gravatar.com\\\/avatar\\\/a1581484c11fa936d8c93aa1daf668451ffa3182aa072951df306fd82cb1b662?s=96&d=mm&r=g\",\"url\":\"https:\\\/\\\/secure.gravatar.com\\\/avatar\\\/a1581484c11fa936d8c93aa1daf668451ffa3182aa072951df306fd82cb1b662?s=96&d=mm&r=g\",\"contentUrl\":\"https:\\\/\\\/secure.gravatar.com\\\/avatar\\\/a1581484c11fa936d8c93aa1daf668451ffa3182aa072951df306fd82cb1b662?s=96&d=mm&r=g\",\"caption\":\"Maximilian Herz\"},\"url\":\"https:\\\/\\\/wicam.com\\\/fr\\\/author\\\/maximilian-herz\\\/\"}]}<\/script>\n<!-- \/ Yoast SEO plugin. -->","yoast_head_json":{"title":"WiCAM \u00e0 l'EuroBLECH 2024 - WiCAM","description":"Du 22 au 25 octobre 2024, WiCAM pr\u00e9sentera sa gamme actuelle de logiciels CFAO\/Imbrication\/Pliage\/Devis\/Cloud pour l\u2019industrie de la t\u00f4lerie sur le stand 11-E61 situ\u00e9 dans le hall 11.","robots":{"index":"index","follow":"follow","max-snippet":"max-snippet:-1","max-image-preview":"max-image-preview:large","max-video-preview":"max-video-preview:-1"},"canonical":"https:\/\/wicam.com\/fr\/wicam-a-leuroblech-2024\/","og_locale":"fr_FR","og_type":"article","og_title":"WiCAM \u00e0 l'EuroBLECH 2024 - WiCAM","og_description":"Du 22 au 25 octobre 2024, WiCAM pr\u00e9sentera sa gamme actuelle de logiciels CFAO\/Imbrication\/Pliage\/Devis\/Cloud pour l\u2019industrie de la t\u00f4lerie sur le stand 11-E61 situ\u00e9 dans le hall 11.","og_url":"https:\/\/wicam.com\/fr\/wicam-a-leuroblech-2024\/","og_site_name":"WiCAM","article_published_time":"2024-08-19T04:00:52+00:00","article_modified_time":"2024-09-22T12:49:02+00:00","og_image":[{"width":1000,"height":563,"url":"https:\/\/wicam.com\/wp-content\/uploads\/2024\/08\/news-euroblech-fr.jpg","type":"image\/jpeg"}],"author":"Maximilian Herz","twitter_card":"summary_large_image","twitter_misc":{"\u00c9crit par":"Maximilian Herz","Dur\u00e9e de lecture estim\u00e9e":"5 minutes"},"schema":{"@context":"https:\/\/schema.org","@graph":[{"@type":"Article","@id":"https:\/\/wicam.com\/fr\/wicam-a-leuroblech-2024\/#article","isPartOf":{"@id":"https:\/\/wicam.com\/fr\/wicam-a-leuroblech-2024\/"},"author":{"name":"Maximilian Herz","@id":"https:\/\/wicam.com\/fr\/#\/schema\/person\/def0b39941fc037072f302387660ea75"},"headline":"WiCAM \u00e0 l&rsquo;EuroBLECH 2024","datePublished":"2024-08-19T04:00:52+00:00","dateModified":"2024-09-22T12:49:02+00:00","mainEntityOfPage":{"@id":"https:\/\/wicam.com\/fr\/wicam-a-leuroblech-2024\/"},"wordCount":605,"commentCount":0,"image":{"@id":"https:\/\/wicam.com\/fr\/wicam-a-leuroblech-2024\/#primaryimage"},"thumbnailUrl":"https:\/\/wicam.com\/wp-content\/uploads\/2024\/08\/news-euroblech-fr.jpg","articleSection":["Nouvelles"],"inLanguage":"fr-FR","potentialAction":[{"@type":"CommentAction","name":"Comment","target":["https:\/\/wicam.com\/fr\/wicam-a-leuroblech-2024\/#respond"]}]},{"@type":"WebPage","@id":"https:\/\/wicam.com\/fr\/wicam-a-leuroblech-2024\/","url":"https:\/\/wicam.com\/fr\/wicam-a-leuroblech-2024\/","name":"WiCAM \u00e0 l'EuroBLECH 2024 - WiCAM","isPartOf":{"@id":"https:\/\/wicam.com\/fr\/#website"},"primaryImageOfPage":{"@id":"https:\/\/wicam.com\/fr\/wicam-a-leuroblech-2024\/#primaryimage"},"image":{"@id":"https:\/\/wicam.com\/fr\/wicam-a-leuroblech-2024\/#primaryimage"},"thumbnailUrl":"https:\/\/wicam.com\/wp-content\/uploads\/2024\/08\/news-euroblech-fr.jpg","datePublished":"2024-08-19T04:00:52+00:00","dateModified":"2024-09-22T12:49:02+00:00","author":{"@id":"https:\/\/wicam.com\/fr\/#\/schema\/person\/def0b39941fc037072f302387660ea75"},"description":"Du 22 au 25 octobre 2024, WiCAM pr\u00e9sentera sa gamme actuelle de logiciels CFAO\/Imbrication\/Pliage\/Devis\/Cloud pour l\u2019industrie de la t\u00f4lerie sur le stand 11-E61 situ\u00e9 dans le hall 11.","breadcrumb":{"@id":"https:\/\/wicam.com\/fr\/wicam-a-leuroblech-2024\/#breadcrumb"},"inLanguage":"fr-FR","potentialAction":[{"@type":"ReadAction","target":["https:\/\/wicam.com\/fr\/wicam-a-leuroblech-2024\/"]}]},{"@type":"ImageObject","inLanguage":"fr-FR","@id":"https:\/\/wicam.com\/fr\/wicam-a-leuroblech-2024\/#primaryimage","url":"https:\/\/wicam.com\/wp-content\/uploads\/2024\/08\/news-euroblech-fr.jpg","contentUrl":"https:\/\/wicam.com\/wp-content\/uploads\/2024\/08\/news-euroblech-fr.jpg","width":1000,"height":563},{"@type":"BreadcrumbList","@id":"https:\/\/wicam.com\/fr\/wicam-a-leuroblech-2024\/#breadcrumb","itemListElement":[{"@type":"ListItem","position":1,"name":"Startseite","item":"https:\/\/wicam.com\/fr\/"},{"@type":"ListItem","position":2,"name":"WiCAM \u00e0 l&#8217;EuroBLECH 2024"}]},{"@type":"WebSite","@id":"https:\/\/wicam.com\/fr\/#website","url":"https:\/\/wicam.com\/fr\/","name":"WiCAM","description":"Technische Software","potentialAction":[{"@type":"SearchAction","target":{"@type":"EntryPoint","urlTemplate":"https:\/\/wicam.com\/fr\/?s={search_term_string}"},"query-input":{"@type":"PropertyValueSpecification","valueRequired":true,"valueName":"search_term_string"}}],"inLanguage":"fr-FR"},{"@type":"Person","@id":"https:\/\/wicam.com\/fr\/#\/schema\/person\/def0b39941fc037072f302387660ea75","name":"Maximilian Herz","image":{"@type":"ImageObject","inLanguage":"fr-FR","@id":"https:\/\/secure.gravatar.com\/avatar\/a1581484c11fa936d8c93aa1daf668451ffa3182aa072951df306fd82cb1b662?s=96&d=mm&r=g","url":"https:\/\/secure.gravatar.com\/avatar\/a1581484c11fa936d8c93aa1daf668451ffa3182aa072951df306fd82cb1b662?s=96&d=mm&r=g","contentUrl":"https:\/\/secure.gravatar.com\/avatar\/a1581484c11fa936d8c93aa1daf668451ffa3182aa072951df306fd82cb1b662?s=96&d=mm&r=g","caption":"Maximilian Herz"},"url":"https:\/\/wicam.com\/fr\/author\/maximilian-herz\/"}]}},"_links":{"self":[{"href":"https:\/\/wicam.com\/fr\/wp-json\/wp\/v2\/posts\/29611","targetHints":{"allow":["GET"]}}],"collection":[{"href":"https:\/\/wicam.com\/fr\/wp-json\/wp\/v2\/posts"}],"about":[{"href":"https:\/\/wicam.com\/fr\/wp-json\/wp\/v2\/types\/post"}],"author":[{"embeddable":true,"href":"https:\/\/wicam.com\/fr\/wp-json\/wp\/v2\/users\/2"}],"replies":[{"embeddable":true,"href":"https:\/\/wicam.com\/fr\/wp-json\/wp\/v2\/comments?post=29611"}],"version-history":[{"count":0,"href":"https:\/\/wicam.com\/fr\/wp-json\/wp\/v2\/posts\/29611\/revisions"}],"wp:featuredmedia":[{"embeddable":true,"href":"https:\/\/wicam.com\/fr\/wp-json\/wp\/v2\/media\/29614"}],"wp:attachment":[{"href":"https:\/\/wicam.com\/fr\/wp-json\/wp\/v2\/media?parent=29611"}],"wp:term":[{"taxonomy":"category","embeddable":true,"href":"https:\/\/wicam.com\/fr\/wp-json\/wp\/v2\/categories?post=29611"},{"taxonomy":"post_tag","embeddable":true,"href":"https:\/\/wicam.com\/fr\/wp-json\/wp\/v2\/tags?post=29611"}],"curies":[{"name":"wp","href":"https:\/\/api.w.org\/{rel}","templated":true}]}}