{"id":11280,"date":"2019-11-07T10:00:16","date_gmt":"2019-11-07T09:00:16","guid":{"rendered":"https:\/\/www.wicam.com\/remmert-und-wicam-vereinbaren-strategische-kooperation\/"},"modified":"2020-09-22T10:05:02","modified_gmt":"2020-09-22T08:05:02","slug":"remmert-i-wicam-podpisuja-umowe-o-strategicznej-wspolpracy","status":"publish","type":"post","link":"https:\/\/wicam.com\/pl\/remmert-i-wicam-podpisuja-umowe-o-strategicznej-wspolpracy\/","title":{"rendered":"Remmert i  WiCAM podpisuj\u0105 umow\u0119 o strategicznej wsp\u00f3\u0142pracy"},"content":{"rendered":"<p>Dostawca logistyki magazynowej <a href=\"https:\/\/www.remmert.de\/pl\/\" target=\"_blank\" rel=\"noopener noreferrer\">Remmert<\/a> i producent oprogramowania WiCAM podpisuj\u0105 umow\u0119 o strategicznej wsp\u00f3\u0142pracy na Blechexpo 2019 w celu wzmocnienia rozwoju holistycznych rozwi\u0105za\u0144 w zakresie logistyki materia\u0142\u00f3w oraz w pe\u0142ni zautomatyzowanego sortowania cz\u0119\u015bci do produkcji blach.<\/p>\n<p><a href=\"https:\/\/www.wicam.com\/wp-content\/uploads\/2019\/11\/homepage1.jpg\" data-fancybox><img loading=\"lazy\" decoding=\"async\" class=\"alignnone wp-image-11319\" src=\"https:\/\/www.wicam.com\/wp-content\/uploads\/2019\/11\/homepage1-300x189.jpg\" alt=\"\" width=\"396\" height=\"250\" srcset=\"https:\/\/wicam.com\/wp-content\/uploads\/2019\/11\/homepage1-300x189.jpg 300w, https:\/\/wicam.com\/wp-content\/uploads\/2019\/11\/homepage1-768x485.jpg 768w, https:\/\/wicam.com\/wp-content\/uploads\/2019\/11\/homepage1-1024x647.jpg 1024w, https:\/\/wicam.com\/wp-content\/uploads\/2019\/11\/homepage1.jpg 1750w\" sizes=\"auto, (max-width: 396px) 100vw, 396px\" \/><\/a> <a href=\"https:\/\/www.wicam.com\/wp-content\/uploads\/2019\/11\/homepage2.jpg\" data-fancybox><img loading=\"lazy\" decoding=\"async\" class=\"alignnone wp-image-11326\" src=\"https:\/\/www.wicam.com\/wp-content\/uploads\/2019\/11\/homepage2-300x229.jpg\" alt=\"\" width=\"327\" height=\"250\" srcset=\"https:\/\/wicam.com\/wp-content\/uploads\/2019\/11\/homepage2-300x229.jpg 300w, https:\/\/wicam.com\/wp-content\/uploads\/2019\/11\/homepage2-768x587.jpg 768w, https:\/\/wicam.com\/wp-content\/uploads\/2019\/11\/homepage2-1024x782.jpg 1024w, https:\/\/wicam.com\/wp-content\/uploads\/2019\/11\/homepage2.jpg 1750w\" sizes=\"auto, (max-width: 327px) 100vw, 327px\" \/><\/a><\/p>\n<p>Celem jest standaryzacja i uproszczenie interfejs\u00f3w, a tak\u017ce standaryzacja przep\u0142ywu informacji od ERP \/ PPS poprzez CAD \/ CAM \/ Nesting do logistyki surowc\u00f3w i gotowych cz\u0119\u015bci.<\/p>\n<div id=\"attachment_11180\" style=\"width: 235px\" class=\"wp-caption alignright\"><a href=\"https:\/\/www.wicam.com\/pl\/mediathek\/cad-cam-nesting-software-solution-trailer-production\/\"><img loading=\"lazy\" decoding=\"async\" aria-describedby=\"caption-attachment-11180\" class=\"wp-image-11180\" src=\"https:\/\/www.wicam.com\/wp-content\/uploads\/2019\/11\/remmertwicamsolution-300x169.jpg\" alt=\"\u25ba Remmert \/ WiCAM Solution\" width=\"225\" height=\"127\" srcset=\"https:\/\/wicam.com\/wp-content\/uploads\/2019\/11\/remmertwicamsolution-300x169.jpg 300w, https:\/\/wicam.com\/wp-content\/uploads\/2019\/11\/remmertwicamsolution-768x432.jpg 768w, https:\/\/wicam.com\/wp-content\/uploads\/2019\/11\/remmertwicamsolution-1024x576.jpg 1024w, https:\/\/wicam.com\/wp-content\/uploads\/2019\/11\/remmertwicamsolution.jpg 1280w\" sizes=\"auto, (max-width: 225px) 100vw, 225px\" \/><\/a><p id=\"caption-attachment-11180\" class=\"wp-caption-text\">\u25ba Remmert \/ WiCAM Solution<\/p><\/div>\n<p>Z powodzeniem wdro\u017cone ju\u017c rozwi\u0105zania dla klient\u00f3w do komunikacji i kontroli z. B. Remmert LaserFLEX, Lasersort z <a href=\"https:\/\/www.wicam.com\/pl\/cadcam-oprogramowanie\/pn4000\/\">WiCAM PN4000<\/a> stanowi\u0105 podstaw\u0119 wsp\u00f3lnych projekt\u00f3w w 2020 roku. U\u017cytkownicy korzystaj\u0105 ze zwi\u0119kszonej niezawodno\u015bci procesu, osi\u0105gaj\u0105 wymierny wzrost wydajno\u015bci i mog\u0105 modelowa\u0107 swoje systemy modu\u0142owe wraz ze wzrostem wymaga\u0144 dotycz\u0105cych sprz\u0119tu i oprogramowania.<\/p>\n<p>&nbsp;<\/p>\n<p><a href=\"https:\/\/www.remmert.de\/\" target=\"_blank\" rel=\"noopener noreferrer\"><img loading=\"lazy\" decoding=\"async\" class=\"alignleft wp-image-11195\" src=\"https:\/\/www.wicam.com\/wp-content\/uploads\/2019\/11\/remmert-logo-300x69.jpg\" alt=\"\" width=\"240\" height=\"55\" srcset=\"https:\/\/wicam.com\/wp-content\/uploads\/2019\/11\/remmert-logo-300x69.jpg 300w, https:\/\/wicam.com\/wp-content\/uploads\/2019\/11\/remmert-logo-768x177.jpg 768w, https:\/\/wicam.com\/wp-content\/uploads\/2019\/11\/remmert-logo.jpg 1000w\" sizes=\"auto, (max-width: 240px) 100vw, 240px\" \/><\/a>Remmert GmbH jest producentem rozwi\u0105za\u0144 magazynowych i intralogistycznych dla wyrob\u00f3w d\u0142ugich i produkcji z blach z siedzib\u0105 w L\u00f6hne (Wschodnia Westfalia \/ Niemcy). &gt;&gt; <a href=\"https:\/\/www.remmert.de\/\" target=\"_blank\" rel=\"noopener noreferrer\">remmert.de<\/a><\/p>\n","protected":false},"excerpt":{"rendered":"<p>Dostawca logistyki magazynowej Remmert i producent oprogramowania WiCAM podpisuj\u0105 umow\u0119 o strategicznej wsp\u00f3\u0142pracy na Blechexpo 2019 w celu wzmocnienia rozwoju holistycznych rozwi\u0105za\u0144 w zakresie logistyki materia\u0142\u00f3w oraz w pe\u0142ni zautomatyzowanego sortowania cz\u0119\u015bci do produkcji blach.<\/p>\n","protected":false},"author":2,"featured_media":11288,"comment_status":"open","ping_status":"open","sticky":false,"template":"","format":"standard","meta":{"_acf_changed":false,"footnotes":""},"categories":[82],"tags":[],"class_list":["post-11280","post","type-post","status-publish","format-standard","has-post-thumbnail","hentry","category-neuigkeiten-pl"],"acf":[],"yoast_head":"<!-- This site is optimized with the Yoast SEO plugin v27.4 - https:\/\/yoast.com\/product\/yoast-seo-wordpress\/ -->\n<title>Remmert i WiCAM podpisuj\u0105 umow\u0119 o strategicznej wsp\u00f3\u0142pracy - WiCAM<\/title>\n<meta name=\"description\" content=\"Dostawca logistyki magazynowej Remmert i producent oprogramowania WiCAM podpisuj\u0105 umow\u0119 o strategicznej wsp\u00f3\u0142pracy na Blechexpo 2019 w celu wzmocnienia rozwoju holistycznych rozwi\u0105za\u0144 w zakresie logistyki materia\u0142\u00f3w oraz w pe\u0142ni zautomatyzowanego sortowania cz\u0119\u015bci do produkcji blach.\" \/>\n<meta name=\"robots\" content=\"index, follow, max-snippet:-1, max-image-preview:large, max-video-preview:-1\" \/>\n<link rel=\"canonical\" href=\"https:\/\/wicam.com\/pl\/remmert-i-wicam-podpisuja-umowe-o-strategicznej-wspolpracy\/\" \/>\n<meta property=\"og:locale\" content=\"pl_PL\" \/>\n<meta property=\"og:type\" content=\"article\" \/>\n<meta property=\"og:title\" content=\"Remmert i WiCAM podpisuj\u0105 umow\u0119 o strategicznej wsp\u00f3\u0142pracy - WiCAM\" \/>\n<meta property=\"og:description\" content=\"Dostawca logistyki magazynowej Remmert i producent oprogramowania WiCAM podpisuj\u0105 umow\u0119 o strategicznej wsp\u00f3\u0142pracy na Blechexpo 2019 w celu wzmocnienia rozwoju holistycznych rozwi\u0105za\u0144 w zakresie logistyki materia\u0142\u00f3w oraz w pe\u0142ni zautomatyzowanego sortowania cz\u0119\u015bci do produkcji blach.\" \/>\n<meta property=\"og:url\" content=\"https:\/\/wicam.com\/pl\/remmert-i-wicam-podpisuja-umowe-o-strategicznej-wspolpracy\/\" \/>\n<meta property=\"og:site_name\" content=\"WiCAM\" \/>\n<meta property=\"article:published_time\" content=\"2019-11-07T09:00:16+00:00\" \/>\n<meta property=\"article:modified_time\" content=\"2020-09-22T08:05:02+00:00\" \/>\n<meta property=\"og:image\" content=\"https:\/\/wicam.com\/wp-content\/uploads\/2019\/11\/remmert-newsbild.jpg\" \/>\n\t<meta property=\"og:image:width\" content=\"750\" \/>\n\t<meta property=\"og:image:height\" content=\"422\" \/>\n\t<meta property=\"og:image:type\" content=\"image\/jpeg\" \/>\n<meta name=\"author\" content=\"Maximilian Herz\" \/>\n<meta name=\"twitter:card\" content=\"summary_large_image\" \/>\n<meta name=\"twitter:label1\" content=\"Napisane przez\" \/>\n\t<meta name=\"twitter:data1\" content=\"Maximilian Herz\" \/>\n\t<meta name=\"twitter:label2\" content=\"Szacowany czas czytania\" \/>\n\t<meta name=\"twitter:data2\" content=\"1 minuta\" \/>\n<script type=\"application\/ld+json\" class=\"yoast-schema-graph\">{\"@context\":\"https:\\\/\\\/schema.org\",\"@graph\":[{\"@type\":\"Article\",\"@id\":\"https:\\\/\\\/wicam.com\\\/pl\\\/remmert-i-wicam-podpisuja-umowe-o-strategicznej-wspolpracy\\\/#article\",\"isPartOf\":{\"@id\":\"https:\\\/\\\/wicam.com\\\/pl\\\/remmert-i-wicam-podpisuja-umowe-o-strategicznej-wspolpracy\\\/\"},\"author\":{\"name\":\"Maximilian Herz\",\"@id\":\"https:\\\/\\\/wicam.com\\\/pl\\\/#\\\/schema\\\/person\\\/def0b39941fc037072f302387660ea75\"},\"headline\":\"Remmert i WiCAM podpisuj\u0105 umow\u0119 o strategicznej wsp\u00f3\u0142pracy\",\"datePublished\":\"2019-11-07T09:00:16+00:00\",\"dateModified\":\"2020-09-22T08:05:02+00:00\",\"mainEntityOfPage\":{\"@id\":\"https:\\\/\\\/wicam.com\\\/pl\\\/remmert-i-wicam-podpisuja-umowe-o-strategicznej-wspolpracy\\\/\"},\"wordCount\":180,\"commentCount\":0,\"image\":{\"@id\":\"https:\\\/\\\/wicam.com\\\/pl\\\/remmert-i-wicam-podpisuja-umowe-o-strategicznej-wspolpracy\\\/#primaryimage\"},\"thumbnailUrl\":\"https:\\\/\\\/wicam.com\\\/wp-content\\\/uploads\\\/2019\\\/11\\\/remmert-newsbild.jpg\",\"articleSection\":[\"Aktualno\u015bci\"],\"inLanguage\":\"pl-PL\",\"potentialAction\":[{\"@type\":\"CommentAction\",\"name\":\"Comment\",\"target\":[\"https:\\\/\\\/wicam.com\\\/pl\\\/remmert-i-wicam-podpisuja-umowe-o-strategicznej-wspolpracy\\\/#respond\"]}]},{\"@type\":\"WebPage\",\"@id\":\"https:\\\/\\\/wicam.com\\\/pl\\\/remmert-i-wicam-podpisuja-umowe-o-strategicznej-wspolpracy\\\/\",\"url\":\"https:\\\/\\\/wicam.com\\\/pl\\\/remmert-i-wicam-podpisuja-umowe-o-strategicznej-wspolpracy\\\/\",\"name\":\"Remmert i WiCAM podpisuj\u0105 umow\u0119 o strategicznej wsp\u00f3\u0142pracy - WiCAM\",\"isPartOf\":{\"@id\":\"https:\\\/\\\/wicam.com\\\/pl\\\/#website\"},\"primaryImageOfPage\":{\"@id\":\"https:\\\/\\\/wicam.com\\\/pl\\\/remmert-i-wicam-podpisuja-umowe-o-strategicznej-wspolpracy\\\/#primaryimage\"},\"image\":{\"@id\":\"https:\\\/\\\/wicam.com\\\/pl\\\/remmert-i-wicam-podpisuja-umowe-o-strategicznej-wspolpracy\\\/#primaryimage\"},\"thumbnailUrl\":\"https:\\\/\\\/wicam.com\\\/wp-content\\\/uploads\\\/2019\\\/11\\\/remmert-newsbild.jpg\",\"datePublished\":\"2019-11-07T09:00:16+00:00\",\"dateModified\":\"2020-09-22T08:05:02+00:00\",\"author\":{\"@id\":\"https:\\\/\\\/wicam.com\\\/pl\\\/#\\\/schema\\\/person\\\/def0b39941fc037072f302387660ea75\"},\"description\":\"Dostawca logistyki magazynowej Remmert i producent oprogramowania WiCAM podpisuj\u0105 umow\u0119 o strategicznej wsp\u00f3\u0142pracy na Blechexpo 2019 w celu wzmocnienia rozwoju holistycznych rozwi\u0105za\u0144 w zakresie logistyki materia\u0142\u00f3w oraz w pe\u0142ni zautomatyzowanego sortowania cz\u0119\u015bci do produkcji blach.\",\"breadcrumb\":{\"@id\":\"https:\\\/\\\/wicam.com\\\/pl\\\/remmert-i-wicam-podpisuja-umowe-o-strategicznej-wspolpracy\\\/#breadcrumb\"},\"inLanguage\":\"pl-PL\",\"potentialAction\":[{\"@type\":\"ReadAction\",\"target\":[\"https:\\\/\\\/wicam.com\\\/pl\\\/remmert-i-wicam-podpisuja-umowe-o-strategicznej-wspolpracy\\\/\"]}]},{\"@type\":\"ImageObject\",\"inLanguage\":\"pl-PL\",\"@id\":\"https:\\\/\\\/wicam.com\\\/pl\\\/remmert-i-wicam-podpisuja-umowe-o-strategicznej-wspolpracy\\\/#primaryimage\",\"url\":\"https:\\\/\\\/wicam.com\\\/wp-content\\\/uploads\\\/2019\\\/11\\\/remmert-newsbild.jpg\",\"contentUrl\":\"https:\\\/\\\/wicam.com\\\/wp-content\\\/uploads\\\/2019\\\/11\\\/remmert-newsbild.jpg\",\"width\":750,\"height\":422},{\"@type\":\"BreadcrumbList\",\"@id\":\"https:\\\/\\\/wicam.com\\\/pl\\\/remmert-i-wicam-podpisuja-umowe-o-strategicznej-wspolpracy\\\/#breadcrumb\",\"itemListElement\":[{\"@type\":\"ListItem\",\"position\":1,\"name\":\"Startseite\",\"item\":\"https:\\\/\\\/wicam.com\\\/pl\\\/\"},{\"@type\":\"ListItem\",\"position\":2,\"name\":\"Remmert i WiCAM podpisuj\u0105 umow\u0119 o strategicznej wsp\u00f3\u0142pracy\"}]},{\"@type\":\"WebSite\",\"@id\":\"https:\\\/\\\/wicam.com\\\/pl\\\/#website\",\"url\":\"https:\\\/\\\/wicam.com\\\/pl\\\/\",\"name\":\"WiCAM\",\"description\":\"Technische Software\",\"potentialAction\":[{\"@type\":\"SearchAction\",\"target\":{\"@type\":\"EntryPoint\",\"urlTemplate\":\"https:\\\/\\\/wicam.com\\\/pl\\\/?s={search_term_string}\"},\"query-input\":{\"@type\":\"PropertyValueSpecification\",\"valueRequired\":true,\"valueName\":\"search_term_string\"}}],\"inLanguage\":\"pl-PL\"},{\"@type\":\"Person\",\"@id\":\"https:\\\/\\\/wicam.com\\\/pl\\\/#\\\/schema\\\/person\\\/def0b39941fc037072f302387660ea75\",\"name\":\"Maximilian Herz\",\"image\":{\"@type\":\"ImageObject\",\"inLanguage\":\"pl-PL\",\"@id\":\"https:\\\/\\\/secure.gravatar.com\\\/avatar\\\/a1581484c11fa936d8c93aa1daf668451ffa3182aa072951df306fd82cb1b662?s=96&d=mm&r=g\",\"url\":\"https:\\\/\\\/secure.gravatar.com\\\/avatar\\\/a1581484c11fa936d8c93aa1daf668451ffa3182aa072951df306fd82cb1b662?s=96&d=mm&r=g\",\"contentUrl\":\"https:\\\/\\\/secure.gravatar.com\\\/avatar\\\/a1581484c11fa936d8c93aa1daf668451ffa3182aa072951df306fd82cb1b662?s=96&d=mm&r=g\",\"caption\":\"Maximilian Herz\"},\"url\":\"https:\\\/\\\/wicam.com\\\/pl\\\/author\\\/maximilian-herz\\\/\"}]}<\/script>\n<!-- \/ Yoast SEO plugin. -->","yoast_head_json":{"title":"Remmert i WiCAM podpisuj\u0105 umow\u0119 o strategicznej wsp\u00f3\u0142pracy - WiCAM","description":"Dostawca logistyki magazynowej Remmert i producent oprogramowania WiCAM podpisuj\u0105 umow\u0119 o strategicznej wsp\u00f3\u0142pracy na Blechexpo 2019 w celu wzmocnienia rozwoju holistycznych rozwi\u0105za\u0144 w zakresie logistyki materia\u0142\u00f3w oraz w pe\u0142ni zautomatyzowanego sortowania cz\u0119\u015bci do produkcji blach.","robots":{"index":"index","follow":"follow","max-snippet":"max-snippet:-1","max-image-preview":"max-image-preview:large","max-video-preview":"max-video-preview:-1"},"canonical":"https:\/\/wicam.com\/pl\/remmert-i-wicam-podpisuja-umowe-o-strategicznej-wspolpracy\/","og_locale":"pl_PL","og_type":"article","og_title":"Remmert i WiCAM podpisuj\u0105 umow\u0119 o strategicznej wsp\u00f3\u0142pracy - WiCAM","og_description":"Dostawca logistyki magazynowej Remmert i producent oprogramowania WiCAM podpisuj\u0105 umow\u0119 o strategicznej wsp\u00f3\u0142pracy na Blechexpo 2019 w celu wzmocnienia rozwoju holistycznych rozwi\u0105za\u0144 w zakresie logistyki materia\u0142\u00f3w oraz w pe\u0142ni zautomatyzowanego sortowania cz\u0119\u015bci do produkcji blach.","og_url":"https:\/\/wicam.com\/pl\/remmert-i-wicam-podpisuja-umowe-o-strategicznej-wspolpracy\/","og_site_name":"WiCAM","article_published_time":"2019-11-07T09:00:16+00:00","article_modified_time":"2020-09-22T08:05:02+00:00","og_image":[{"width":750,"height":422,"url":"https:\/\/wicam.com\/wp-content\/uploads\/2019\/11\/remmert-newsbild.jpg","type":"image\/jpeg"}],"author":"Maximilian Herz","twitter_card":"summary_large_image","twitter_misc":{"Napisane przez":"Maximilian Herz","Szacowany czas czytania":"1 minuta"},"schema":{"@context":"https:\/\/schema.org","@graph":[{"@type":"Article","@id":"https:\/\/wicam.com\/pl\/remmert-i-wicam-podpisuja-umowe-o-strategicznej-wspolpracy\/#article","isPartOf":{"@id":"https:\/\/wicam.com\/pl\/remmert-i-wicam-podpisuja-umowe-o-strategicznej-wspolpracy\/"},"author":{"name":"Maximilian Herz","@id":"https:\/\/wicam.com\/pl\/#\/schema\/person\/def0b39941fc037072f302387660ea75"},"headline":"Remmert i WiCAM podpisuj\u0105 umow\u0119 o strategicznej wsp\u00f3\u0142pracy","datePublished":"2019-11-07T09:00:16+00:00","dateModified":"2020-09-22T08:05:02+00:00","mainEntityOfPage":{"@id":"https:\/\/wicam.com\/pl\/remmert-i-wicam-podpisuja-umowe-o-strategicznej-wspolpracy\/"},"wordCount":180,"commentCount":0,"image":{"@id":"https:\/\/wicam.com\/pl\/remmert-i-wicam-podpisuja-umowe-o-strategicznej-wspolpracy\/#primaryimage"},"thumbnailUrl":"https:\/\/wicam.com\/wp-content\/uploads\/2019\/11\/remmert-newsbild.jpg","articleSection":["Aktualno\u015bci"],"inLanguage":"pl-PL","potentialAction":[{"@type":"CommentAction","name":"Comment","target":["https:\/\/wicam.com\/pl\/remmert-i-wicam-podpisuja-umowe-o-strategicznej-wspolpracy\/#respond"]}]},{"@type":"WebPage","@id":"https:\/\/wicam.com\/pl\/remmert-i-wicam-podpisuja-umowe-o-strategicznej-wspolpracy\/","url":"https:\/\/wicam.com\/pl\/remmert-i-wicam-podpisuja-umowe-o-strategicznej-wspolpracy\/","name":"Remmert i WiCAM podpisuj\u0105 umow\u0119 o strategicznej wsp\u00f3\u0142pracy - WiCAM","isPartOf":{"@id":"https:\/\/wicam.com\/pl\/#website"},"primaryImageOfPage":{"@id":"https:\/\/wicam.com\/pl\/remmert-i-wicam-podpisuja-umowe-o-strategicznej-wspolpracy\/#primaryimage"},"image":{"@id":"https:\/\/wicam.com\/pl\/remmert-i-wicam-podpisuja-umowe-o-strategicznej-wspolpracy\/#primaryimage"},"thumbnailUrl":"https:\/\/wicam.com\/wp-content\/uploads\/2019\/11\/remmert-newsbild.jpg","datePublished":"2019-11-07T09:00:16+00:00","dateModified":"2020-09-22T08:05:02+00:00","author":{"@id":"https:\/\/wicam.com\/pl\/#\/schema\/person\/def0b39941fc037072f302387660ea75"},"description":"Dostawca logistyki magazynowej Remmert i producent oprogramowania WiCAM podpisuj\u0105 umow\u0119 o strategicznej wsp\u00f3\u0142pracy na Blechexpo 2019 w celu wzmocnienia rozwoju holistycznych rozwi\u0105za\u0144 w zakresie logistyki materia\u0142\u00f3w oraz w pe\u0142ni zautomatyzowanego sortowania cz\u0119\u015bci do produkcji blach.","breadcrumb":{"@id":"https:\/\/wicam.com\/pl\/remmert-i-wicam-podpisuja-umowe-o-strategicznej-wspolpracy\/#breadcrumb"},"inLanguage":"pl-PL","potentialAction":[{"@type":"ReadAction","target":["https:\/\/wicam.com\/pl\/remmert-i-wicam-podpisuja-umowe-o-strategicznej-wspolpracy\/"]}]},{"@type":"ImageObject","inLanguage":"pl-PL","@id":"https:\/\/wicam.com\/pl\/remmert-i-wicam-podpisuja-umowe-o-strategicznej-wspolpracy\/#primaryimage","url":"https:\/\/wicam.com\/wp-content\/uploads\/2019\/11\/remmert-newsbild.jpg","contentUrl":"https:\/\/wicam.com\/wp-content\/uploads\/2019\/11\/remmert-newsbild.jpg","width":750,"height":422},{"@type":"BreadcrumbList","@id":"https:\/\/wicam.com\/pl\/remmert-i-wicam-podpisuja-umowe-o-strategicznej-wspolpracy\/#breadcrumb","itemListElement":[{"@type":"ListItem","position":1,"name":"Startseite","item":"https:\/\/wicam.com\/pl\/"},{"@type":"ListItem","position":2,"name":"Remmert i WiCAM podpisuj\u0105 umow\u0119 o strategicznej wsp\u00f3\u0142pracy"}]},{"@type":"WebSite","@id":"https:\/\/wicam.com\/pl\/#website","url":"https:\/\/wicam.com\/pl\/","name":"WiCAM","description":"Technische Software","potentialAction":[{"@type":"SearchAction","target":{"@type":"EntryPoint","urlTemplate":"https:\/\/wicam.com\/pl\/?s={search_term_string}"},"query-input":{"@type":"PropertyValueSpecification","valueRequired":true,"valueName":"search_term_string"}}],"inLanguage":"pl-PL"},{"@type":"Person","@id":"https:\/\/wicam.com\/pl\/#\/schema\/person\/def0b39941fc037072f302387660ea75","name":"Maximilian Herz","image":{"@type":"ImageObject","inLanguage":"pl-PL","@id":"https:\/\/secure.gravatar.com\/avatar\/a1581484c11fa936d8c93aa1daf668451ffa3182aa072951df306fd82cb1b662?s=96&d=mm&r=g","url":"https:\/\/secure.gravatar.com\/avatar\/a1581484c11fa936d8c93aa1daf668451ffa3182aa072951df306fd82cb1b662?s=96&d=mm&r=g","contentUrl":"https:\/\/secure.gravatar.com\/avatar\/a1581484c11fa936d8c93aa1daf668451ffa3182aa072951df306fd82cb1b662?s=96&d=mm&r=g","caption":"Maximilian Herz"},"url":"https:\/\/wicam.com\/pl\/author\/maximilian-herz\/"}]}},"_links":{"self":[{"href":"https:\/\/wicam.com\/pl\/wp-json\/wp\/v2\/posts\/11280","targetHints":{"allow":["GET"]}}],"collection":[{"href":"https:\/\/wicam.com\/pl\/wp-json\/wp\/v2\/posts"}],"about":[{"href":"https:\/\/wicam.com\/pl\/wp-json\/wp\/v2\/types\/post"}],"author":[{"embeddable":true,"href":"https:\/\/wicam.com\/pl\/wp-json\/wp\/v2\/users\/2"}],"replies":[{"embeddable":true,"href":"https:\/\/wicam.com\/pl\/wp-json\/wp\/v2\/comments?post=11280"}],"version-history":[{"count":0,"href":"https:\/\/wicam.com\/pl\/wp-json\/wp\/v2\/posts\/11280\/revisions"}],"wp:featuredmedia":[{"embeddable":true,"href":"https:\/\/wicam.com\/pl\/wp-json\/wp\/v2\/media\/11288"}],"wp:attachment":[{"href":"https:\/\/wicam.com\/pl\/wp-json\/wp\/v2\/media?parent=11280"}],"wp:term":[{"taxonomy":"category","embeddable":true,"href":"https:\/\/wicam.com\/pl\/wp-json\/wp\/v2\/categories?post=11280"},{"taxonomy":"post_tag","embeddable":true,"href":"https:\/\/wicam.com\/pl\/wp-json\/wp\/v2\/tags?post=11280"}],"curies":[{"name":"wp","href":"https:\/\/api.w.org\/{rel}","templated":true}]}}