{"id":12358,"date":"2019-12-16T06:00:25","date_gmt":"2019-12-16T05:00:25","guid":{"rendered":"https:\/\/www.wicam.com\/wicam-investiert-ins-biegen\/"},"modified":"2020-09-22T09:59:02","modified_gmt":"2020-09-22T07:59:02","slug":"wicam-inwestuje-w-rozwiazanie-dla-pras-krawedziowych","status":"publish","type":"post","link":"https:\/\/wicam.com\/pl\/wicam-inwestuje-w-rozwiazanie-dla-pras-krawedziowych\/","title":{"rendered":"WiCAM inwestuje w rozwi\u0105zanie dla pras kraw\u0119dziowych"},"content":{"rendered":"<p>Ze wzgl\u0119du na zwi\u0119kszone zapotrzebowanie na nasze rozwi\u0105zanie do gi\u0119cia w ostatnich latach, stale poszerzamy nasz zesp\u00f3\u0142 dzia\u0142aj\u0105cy w tym obszarze. Dzisiaj chcieliby\u015bmy przedstawi\u0107 Pa\u0144stwu te osoby.<\/p>\n<p><a href=\"https:\/\/www.wicam.com\/wp-content\/uploads\/2019\/12\/Biegen-WiCAM.jpg\" data-fancybox><img loading=\"lazy\" decoding=\"async\" class=\"alignnone wp-image-12142\" src=\"https:\/\/www.wicam.com\/wp-content\/uploads\/2019\/12\/Biegen-WiCAM-1024x576.jpg\" alt=\"Pan Thomas, Pan Kremer i Pan Rohm (w \u015brodku) s\u0105 odpowiedzialni za instalacj\u0119, szkolenie i wsparcie. Pan Christian Steigelmann jest kierownikiem projektu (po lewej) i jest odpowiedzialny za prac\u0119 i koordynacj\u0119 zespo\u0142u. Dyrektor zarz\u0105dzaj\u0105cy Pan Timo Eigenblut (po prawej) jest odpowiedzialny za rozw\u00f3j ca\u0142ego produktu.\" width=\"750\" height=\"422\" srcset=\"https:\/\/wicam.com\/wp-content\/uploads\/2019\/12\/Biegen-WiCAM-1024x576.jpg 1024w, https:\/\/wicam.com\/wp-content\/uploads\/2019\/12\/Biegen-WiCAM-300x169.jpg 300w, https:\/\/wicam.com\/wp-content\/uploads\/2019\/12\/Biegen-WiCAM-768x432.jpg 768w, https:\/\/wicam.com\/wp-content\/uploads\/2019\/12\/Biegen-WiCAM-1536x865.jpg 1536w, https:\/\/wicam.com\/wp-content\/uploads\/2019\/12\/Biegen-WiCAM.jpg 1750w\" sizes=\"auto, (max-width: 750px) 100vw, 750px\" \/><\/a><\/p>\n<p>Pan Thomas, Pan Kremer i Pan Rohm (w \u015brodku) s\u0105 odpowiedzialni za instalacj\u0119, szkolenie i wsparcie. Pan Christian Steigelmann jest kierownikiem projektu (po lewej) i jest odpowiedzialny za prac\u0119 i koordynacj\u0119 zespo\u0142u. Dyrektor zarz\u0105dzaj\u0105cy Pan Timo Eigenblut (po prawej) jest odpowiedzialny za rozw\u00f3j ca\u0142ego produktu.<\/p>\n<p>Nasz zesp\u00f3\u0142 jest do Pa\u0144stwa dyspozycji jak zwykle w przypadku wszystkich pyta\u0144 technicznych zwi\u0105zanych z PNBend. Zesp\u00f3\u0142 zostanie wzmocniony przez wi\u0119ksz\u0105 liczb\u0119 os\u00f3b w 2020 r.<\/p>\n<p><a href=\"https:\/\/www.wicam.com\/pl\/cadcam-oprogramowanie\/pnbend\/\"><img loading=\"lazy\" decoding=\"async\" class=\"alignright wp-image-11570 size-medium\" src=\"https:\/\/www.wicam.com\/wp-content\/uploads\/2019\/11\/software-bend1-300x211.jpg\" alt=\"\" width=\"300\" height=\"211\" srcset=\"https:\/\/wicam.com\/wp-content\/uploads\/2019\/11\/software-bend1-300x211.jpg 300w, https:\/\/wicam.com\/wp-content\/uploads\/2019\/11\/software-bend1.jpg 450w\" sizes=\"auto, (max-width: 300px) 100vw, 300px\" \/><\/a>PNBend to symulacja gi\u0119cia do zewn\u0119trznego programowania pras kraw\u0119dziowych od r\u00f3\u017cnych producent\u00f3w. Automatyczne funkcje tworz\u0105 programy gi\u0119cia dla twoich maszyn na podstawie danych 3D szybko i \u0142atwo.<\/p>\n<p>Program wskazuje, czy cz\u0119\u015bci jest zdatna do produkcju. Dane procesowe dla strefy zgi\u0119cia s\u0105 importowane bezpo\u015brednio z geometrii. Wszystkie informacje o gi\u0119ciu elementu (k\u0105t, promie\u0144, narz\u0119dzie, matryca i specjalne techniki gi\u0119cia) mo\u017cna wy\u015bwietla\u0107 i zmienia\u0107 w PNBend.<\/p>\n","protected":false},"excerpt":{"rendered":"<p>Ze wzgl\u0119du na zwi\u0119kszone zapotrzebowanie na nasze rozwi\u0105zanie do gi\u0119cia w ostatnich latach, stale poszerzamy nasz zesp\u00f3\u0142 dzia\u0142aj\u0105cy w tym obszarze.<\/p>\n","protected":false},"author":2,"featured_media":12141,"comment_status":"open","ping_status":"open","sticky":false,"template":"","format":"standard","meta":{"_acf_changed":false,"footnotes":""},"categories":[82],"tags":[],"class_list":["post-12358","post","type-post","status-publish","format-standard","has-post-thumbnail","hentry","category-neuigkeiten-pl"],"acf":[],"yoast_head":"<!-- This site is optimized with the Yoast SEO plugin v27.4 - https:\/\/yoast.com\/product\/yoast-seo-wordpress\/ -->\n<title>WiCAM inwestuje w rozwi\u0105zanie dla pras kraw\u0119dziowych - WiCAM<\/title>\n<meta name=\"description\" content=\"Ze wzgl\u0119du na zwi\u0119kszone zapotrzebowanie na nasze rozwi\u0105zanie do gi\u0119cia w ostatnich latach, stale poszerzamy nasz zesp\u00f3\u0142 dzia\u0142aj\u0105cy w tym obszarze. Dzisiaj chcieliby\u015bmy przedstawi\u0107 Pa\u0144stwu te osoby.\" \/>\n<meta name=\"robots\" content=\"index, follow, max-snippet:-1, max-image-preview:large, max-video-preview:-1\" \/>\n<link rel=\"canonical\" href=\"https:\/\/wicam.com\/pl\/wicam-inwestuje-w-rozwiazanie-dla-pras-krawedziowych\/\" \/>\n<meta property=\"og:locale\" content=\"pl_PL\" \/>\n<meta property=\"og:type\" content=\"article\" \/>\n<meta property=\"og:title\" content=\"WiCAM inwestuje w rozwi\u0105zanie dla pras kraw\u0119dziowych - WiCAM\" \/>\n<meta property=\"og:description\" content=\"Ze wzgl\u0119du na zwi\u0119kszone zapotrzebowanie na nasze rozwi\u0105zanie do gi\u0119cia w ostatnich latach, stale poszerzamy nasz zesp\u00f3\u0142 dzia\u0142aj\u0105cy w tym obszarze. Dzisiaj chcieliby\u015bmy przedstawi\u0107 Pa\u0144stwu te osoby.\" \/>\n<meta property=\"og:url\" content=\"https:\/\/wicam.com\/pl\/wicam-inwestuje-w-rozwiazanie-dla-pras-krawedziowych\/\" \/>\n<meta property=\"og:site_name\" content=\"WiCAM\" \/>\n<meta property=\"article:published_time\" content=\"2019-12-16T05:00:25+00:00\" \/>\n<meta property=\"article:modified_time\" content=\"2020-09-22T07:59:02+00:00\" \/>\n<meta property=\"og:image\" content=\"https:\/\/wicam.com\/wp-content\/uploads\/2019\/12\/Biegen-750.jpg\" \/>\n\t<meta property=\"og:image:width\" content=\"750\" \/>\n\t<meta property=\"og:image:height\" content=\"422\" \/>\n\t<meta property=\"og:image:type\" content=\"image\/jpeg\" \/>\n<meta name=\"author\" content=\"Maximilian Herz\" \/>\n<meta name=\"twitter:card\" content=\"summary_large_image\" \/>\n<meta name=\"twitter:label1\" content=\"Napisane przez\" \/>\n\t<meta name=\"twitter:data1\" content=\"Maximilian Herz\" \/>\n\t<meta name=\"twitter:label2\" content=\"Szacowany czas czytania\" \/>\n\t<meta name=\"twitter:data2\" content=\"1 minuta\" \/>\n<script type=\"application\/ld+json\" class=\"yoast-schema-graph\">{\"@context\":\"https:\\\/\\\/schema.org\",\"@graph\":[{\"@type\":\"Article\",\"@id\":\"https:\\\/\\\/wicam.com\\\/pl\\\/wicam-inwestuje-w-rozwiazanie-dla-pras-krawedziowych\\\/#article\",\"isPartOf\":{\"@id\":\"https:\\\/\\\/wicam.com\\\/pl\\\/wicam-inwestuje-w-rozwiazanie-dla-pras-krawedziowych\\\/\"},\"author\":{\"name\":\"Maximilian Herz\",\"@id\":\"https:\\\/\\\/wicam.com\\\/pl\\\/#\\\/schema\\\/person\\\/def0b39941fc037072f302387660ea75\"},\"headline\":\"WiCAM inwestuje w rozwi\u0105zanie dla pras kraw\u0119dziowych\",\"datePublished\":\"2019-12-16T05:00:25+00:00\",\"dateModified\":\"2020-09-22T07:59:02+00:00\",\"mainEntityOfPage\":{\"@id\":\"https:\\\/\\\/wicam.com\\\/pl\\\/wicam-inwestuje-w-rozwiazanie-dla-pras-krawedziowych\\\/\"},\"wordCount\":202,\"commentCount\":0,\"image\":{\"@id\":\"https:\\\/\\\/wicam.com\\\/pl\\\/wicam-inwestuje-w-rozwiazanie-dla-pras-krawedziowych\\\/#primaryimage\"},\"thumbnailUrl\":\"https:\\\/\\\/wicam.com\\\/wp-content\\\/uploads\\\/2019\\\/12\\\/Biegen-750.jpg\",\"articleSection\":[\"Aktualno\u015bci\"],\"inLanguage\":\"pl-PL\",\"potentialAction\":[{\"@type\":\"CommentAction\",\"name\":\"Comment\",\"target\":[\"https:\\\/\\\/wicam.com\\\/pl\\\/wicam-inwestuje-w-rozwiazanie-dla-pras-krawedziowych\\\/#respond\"]}]},{\"@type\":\"WebPage\",\"@id\":\"https:\\\/\\\/wicam.com\\\/pl\\\/wicam-inwestuje-w-rozwiazanie-dla-pras-krawedziowych\\\/\",\"url\":\"https:\\\/\\\/wicam.com\\\/pl\\\/wicam-inwestuje-w-rozwiazanie-dla-pras-krawedziowych\\\/\",\"name\":\"WiCAM inwestuje w rozwi\u0105zanie dla pras kraw\u0119dziowych - WiCAM\",\"isPartOf\":{\"@id\":\"https:\\\/\\\/wicam.com\\\/pl\\\/#website\"},\"primaryImageOfPage\":{\"@id\":\"https:\\\/\\\/wicam.com\\\/pl\\\/wicam-inwestuje-w-rozwiazanie-dla-pras-krawedziowych\\\/#primaryimage\"},\"image\":{\"@id\":\"https:\\\/\\\/wicam.com\\\/pl\\\/wicam-inwestuje-w-rozwiazanie-dla-pras-krawedziowych\\\/#primaryimage\"},\"thumbnailUrl\":\"https:\\\/\\\/wicam.com\\\/wp-content\\\/uploads\\\/2019\\\/12\\\/Biegen-750.jpg\",\"datePublished\":\"2019-12-16T05:00:25+00:00\",\"dateModified\":\"2020-09-22T07:59:02+00:00\",\"author\":{\"@id\":\"https:\\\/\\\/wicam.com\\\/pl\\\/#\\\/schema\\\/person\\\/def0b39941fc037072f302387660ea75\"},\"description\":\"Ze wzgl\u0119du na zwi\u0119kszone zapotrzebowanie na nasze rozwi\u0105zanie do gi\u0119cia w ostatnich latach, stale poszerzamy nasz zesp\u00f3\u0142 dzia\u0142aj\u0105cy w tym obszarze. Dzisiaj chcieliby\u015bmy przedstawi\u0107 Pa\u0144stwu te osoby.\",\"breadcrumb\":{\"@id\":\"https:\\\/\\\/wicam.com\\\/pl\\\/wicam-inwestuje-w-rozwiazanie-dla-pras-krawedziowych\\\/#breadcrumb\"},\"inLanguage\":\"pl-PL\",\"potentialAction\":[{\"@type\":\"ReadAction\",\"target\":[\"https:\\\/\\\/wicam.com\\\/pl\\\/wicam-inwestuje-w-rozwiazanie-dla-pras-krawedziowych\\\/\"]}]},{\"@type\":\"ImageObject\",\"inLanguage\":\"pl-PL\",\"@id\":\"https:\\\/\\\/wicam.com\\\/pl\\\/wicam-inwestuje-w-rozwiazanie-dla-pras-krawedziowych\\\/#primaryimage\",\"url\":\"https:\\\/\\\/wicam.com\\\/wp-content\\\/uploads\\\/2019\\\/12\\\/Biegen-750.jpg\",\"contentUrl\":\"https:\\\/\\\/wicam.com\\\/wp-content\\\/uploads\\\/2019\\\/12\\\/Biegen-750.jpg\",\"width\":750,\"height\":422},{\"@type\":\"BreadcrumbList\",\"@id\":\"https:\\\/\\\/wicam.com\\\/pl\\\/wicam-inwestuje-w-rozwiazanie-dla-pras-krawedziowych\\\/#breadcrumb\",\"itemListElement\":[{\"@type\":\"ListItem\",\"position\":1,\"name\":\"Startseite\",\"item\":\"https:\\\/\\\/wicam.com\\\/pl\\\/\"},{\"@type\":\"ListItem\",\"position\":2,\"name\":\"WiCAM inwestuje w rozwi\u0105zanie dla pras kraw\u0119dziowych\"}]},{\"@type\":\"WebSite\",\"@id\":\"https:\\\/\\\/wicam.com\\\/pl\\\/#website\",\"url\":\"https:\\\/\\\/wicam.com\\\/pl\\\/\",\"name\":\"WiCAM\",\"description\":\"Technische Software\",\"potentialAction\":[{\"@type\":\"SearchAction\",\"target\":{\"@type\":\"EntryPoint\",\"urlTemplate\":\"https:\\\/\\\/wicam.com\\\/pl\\\/?s={search_term_string}\"},\"query-input\":{\"@type\":\"PropertyValueSpecification\",\"valueRequired\":true,\"valueName\":\"search_term_string\"}}],\"inLanguage\":\"pl-PL\"},{\"@type\":\"Person\",\"@id\":\"https:\\\/\\\/wicam.com\\\/pl\\\/#\\\/schema\\\/person\\\/def0b39941fc037072f302387660ea75\",\"name\":\"Maximilian Herz\",\"image\":{\"@type\":\"ImageObject\",\"inLanguage\":\"pl-PL\",\"@id\":\"https:\\\/\\\/secure.gravatar.com\\\/avatar\\\/a1581484c11fa936d8c93aa1daf668451ffa3182aa072951df306fd82cb1b662?s=96&d=mm&r=g\",\"url\":\"https:\\\/\\\/secure.gravatar.com\\\/avatar\\\/a1581484c11fa936d8c93aa1daf668451ffa3182aa072951df306fd82cb1b662?s=96&d=mm&r=g\",\"contentUrl\":\"https:\\\/\\\/secure.gravatar.com\\\/avatar\\\/a1581484c11fa936d8c93aa1daf668451ffa3182aa072951df306fd82cb1b662?s=96&d=mm&r=g\",\"caption\":\"Maximilian Herz\"},\"url\":\"https:\\\/\\\/wicam.com\\\/pl\\\/author\\\/maximilian-herz\\\/\"}]}<\/script>\n<!-- \/ Yoast SEO plugin. -->","yoast_head_json":{"title":"WiCAM inwestuje w rozwi\u0105zanie dla pras kraw\u0119dziowych - WiCAM","description":"Ze wzgl\u0119du na zwi\u0119kszone zapotrzebowanie na nasze rozwi\u0105zanie do gi\u0119cia w ostatnich latach, stale poszerzamy nasz zesp\u00f3\u0142 dzia\u0142aj\u0105cy w tym obszarze. Dzisiaj chcieliby\u015bmy przedstawi\u0107 Pa\u0144stwu te osoby.","robots":{"index":"index","follow":"follow","max-snippet":"max-snippet:-1","max-image-preview":"max-image-preview:large","max-video-preview":"max-video-preview:-1"},"canonical":"https:\/\/wicam.com\/pl\/wicam-inwestuje-w-rozwiazanie-dla-pras-krawedziowych\/","og_locale":"pl_PL","og_type":"article","og_title":"WiCAM inwestuje w rozwi\u0105zanie dla pras kraw\u0119dziowych - WiCAM","og_description":"Ze wzgl\u0119du na zwi\u0119kszone zapotrzebowanie na nasze rozwi\u0105zanie do gi\u0119cia w ostatnich latach, stale poszerzamy nasz zesp\u00f3\u0142 dzia\u0142aj\u0105cy w tym obszarze. Dzisiaj chcieliby\u015bmy przedstawi\u0107 Pa\u0144stwu te osoby.","og_url":"https:\/\/wicam.com\/pl\/wicam-inwestuje-w-rozwiazanie-dla-pras-krawedziowych\/","og_site_name":"WiCAM","article_published_time":"2019-12-16T05:00:25+00:00","article_modified_time":"2020-09-22T07:59:02+00:00","og_image":[{"width":750,"height":422,"url":"https:\/\/wicam.com\/wp-content\/uploads\/2019\/12\/Biegen-750.jpg","type":"image\/jpeg"}],"author":"Maximilian Herz","twitter_card":"summary_large_image","twitter_misc":{"Napisane przez":"Maximilian Herz","Szacowany czas czytania":"1 minuta"},"schema":{"@context":"https:\/\/schema.org","@graph":[{"@type":"Article","@id":"https:\/\/wicam.com\/pl\/wicam-inwestuje-w-rozwiazanie-dla-pras-krawedziowych\/#article","isPartOf":{"@id":"https:\/\/wicam.com\/pl\/wicam-inwestuje-w-rozwiazanie-dla-pras-krawedziowych\/"},"author":{"name":"Maximilian Herz","@id":"https:\/\/wicam.com\/pl\/#\/schema\/person\/def0b39941fc037072f302387660ea75"},"headline":"WiCAM inwestuje w rozwi\u0105zanie dla pras kraw\u0119dziowych","datePublished":"2019-12-16T05:00:25+00:00","dateModified":"2020-09-22T07:59:02+00:00","mainEntityOfPage":{"@id":"https:\/\/wicam.com\/pl\/wicam-inwestuje-w-rozwiazanie-dla-pras-krawedziowych\/"},"wordCount":202,"commentCount":0,"image":{"@id":"https:\/\/wicam.com\/pl\/wicam-inwestuje-w-rozwiazanie-dla-pras-krawedziowych\/#primaryimage"},"thumbnailUrl":"https:\/\/wicam.com\/wp-content\/uploads\/2019\/12\/Biegen-750.jpg","articleSection":["Aktualno\u015bci"],"inLanguage":"pl-PL","potentialAction":[{"@type":"CommentAction","name":"Comment","target":["https:\/\/wicam.com\/pl\/wicam-inwestuje-w-rozwiazanie-dla-pras-krawedziowych\/#respond"]}]},{"@type":"WebPage","@id":"https:\/\/wicam.com\/pl\/wicam-inwestuje-w-rozwiazanie-dla-pras-krawedziowych\/","url":"https:\/\/wicam.com\/pl\/wicam-inwestuje-w-rozwiazanie-dla-pras-krawedziowych\/","name":"WiCAM inwestuje w rozwi\u0105zanie dla pras kraw\u0119dziowych - WiCAM","isPartOf":{"@id":"https:\/\/wicam.com\/pl\/#website"},"primaryImageOfPage":{"@id":"https:\/\/wicam.com\/pl\/wicam-inwestuje-w-rozwiazanie-dla-pras-krawedziowych\/#primaryimage"},"image":{"@id":"https:\/\/wicam.com\/pl\/wicam-inwestuje-w-rozwiazanie-dla-pras-krawedziowych\/#primaryimage"},"thumbnailUrl":"https:\/\/wicam.com\/wp-content\/uploads\/2019\/12\/Biegen-750.jpg","datePublished":"2019-12-16T05:00:25+00:00","dateModified":"2020-09-22T07:59:02+00:00","author":{"@id":"https:\/\/wicam.com\/pl\/#\/schema\/person\/def0b39941fc037072f302387660ea75"},"description":"Ze wzgl\u0119du na zwi\u0119kszone zapotrzebowanie na nasze rozwi\u0105zanie do gi\u0119cia w ostatnich latach, stale poszerzamy nasz zesp\u00f3\u0142 dzia\u0142aj\u0105cy w tym obszarze. Dzisiaj chcieliby\u015bmy przedstawi\u0107 Pa\u0144stwu te osoby.","breadcrumb":{"@id":"https:\/\/wicam.com\/pl\/wicam-inwestuje-w-rozwiazanie-dla-pras-krawedziowych\/#breadcrumb"},"inLanguage":"pl-PL","potentialAction":[{"@type":"ReadAction","target":["https:\/\/wicam.com\/pl\/wicam-inwestuje-w-rozwiazanie-dla-pras-krawedziowych\/"]}]},{"@type":"ImageObject","inLanguage":"pl-PL","@id":"https:\/\/wicam.com\/pl\/wicam-inwestuje-w-rozwiazanie-dla-pras-krawedziowych\/#primaryimage","url":"https:\/\/wicam.com\/wp-content\/uploads\/2019\/12\/Biegen-750.jpg","contentUrl":"https:\/\/wicam.com\/wp-content\/uploads\/2019\/12\/Biegen-750.jpg","width":750,"height":422},{"@type":"BreadcrumbList","@id":"https:\/\/wicam.com\/pl\/wicam-inwestuje-w-rozwiazanie-dla-pras-krawedziowych\/#breadcrumb","itemListElement":[{"@type":"ListItem","position":1,"name":"Startseite","item":"https:\/\/wicam.com\/pl\/"},{"@type":"ListItem","position":2,"name":"WiCAM inwestuje w rozwi\u0105zanie dla pras kraw\u0119dziowych"}]},{"@type":"WebSite","@id":"https:\/\/wicam.com\/pl\/#website","url":"https:\/\/wicam.com\/pl\/","name":"WiCAM","description":"Technische Software","potentialAction":[{"@type":"SearchAction","target":{"@type":"EntryPoint","urlTemplate":"https:\/\/wicam.com\/pl\/?s={search_term_string}"},"query-input":{"@type":"PropertyValueSpecification","valueRequired":true,"valueName":"search_term_string"}}],"inLanguage":"pl-PL"},{"@type":"Person","@id":"https:\/\/wicam.com\/pl\/#\/schema\/person\/def0b39941fc037072f302387660ea75","name":"Maximilian Herz","image":{"@type":"ImageObject","inLanguage":"pl-PL","@id":"https:\/\/secure.gravatar.com\/avatar\/a1581484c11fa936d8c93aa1daf668451ffa3182aa072951df306fd82cb1b662?s=96&d=mm&r=g","url":"https:\/\/secure.gravatar.com\/avatar\/a1581484c11fa936d8c93aa1daf668451ffa3182aa072951df306fd82cb1b662?s=96&d=mm&r=g","contentUrl":"https:\/\/secure.gravatar.com\/avatar\/a1581484c11fa936d8c93aa1daf668451ffa3182aa072951df306fd82cb1b662?s=96&d=mm&r=g","caption":"Maximilian Herz"},"url":"https:\/\/wicam.com\/pl\/author\/maximilian-herz\/"}]}},"_links":{"self":[{"href":"https:\/\/wicam.com\/pl\/wp-json\/wp\/v2\/posts\/12358","targetHints":{"allow":["GET"]}}],"collection":[{"href":"https:\/\/wicam.com\/pl\/wp-json\/wp\/v2\/posts"}],"about":[{"href":"https:\/\/wicam.com\/pl\/wp-json\/wp\/v2\/types\/post"}],"author":[{"embeddable":true,"href":"https:\/\/wicam.com\/pl\/wp-json\/wp\/v2\/users\/2"}],"replies":[{"embeddable":true,"href":"https:\/\/wicam.com\/pl\/wp-json\/wp\/v2\/comments?post=12358"}],"version-history":[{"count":0,"href":"https:\/\/wicam.com\/pl\/wp-json\/wp\/v2\/posts\/12358\/revisions"}],"wp:featuredmedia":[{"embeddable":true,"href":"https:\/\/wicam.com\/pl\/wp-json\/wp\/v2\/media\/12141"}],"wp:attachment":[{"href":"https:\/\/wicam.com\/pl\/wp-json\/wp\/v2\/media?parent=12358"}],"wp:term":[{"taxonomy":"category","embeddable":true,"href":"https:\/\/wicam.com\/pl\/wp-json\/wp\/v2\/categories?post=12358"},{"taxonomy":"post_tag","embeddable":true,"href":"https:\/\/wicam.com\/pl\/wp-json\/wp\/v2\/tags?post=12358"}],"curies":[{"name":"wp","href":"https:\/\/api.w.org\/{rel}","templated":true}]}}